{"id":3834,"date":"2015-06-11T17:03:25","date_gmt":"2015-06-11T17:03:25","guid":{"rendered":"http:\/\/atanga.de\/?p=3834"},"modified":"2015-06-11T17:07:49","modified_gmt":"2015-06-11T17:07:49","slug":"viva-atanga","status":"publish","type":"post","link":"https:\/\/atanga.de\/?p=3834","title":{"rendered":"viva &#8211; atanga"},"content":{"rendered":"<p>Do., 11. Jun. 15, La Palma, Tag 376, 2.587 sm von HH<\/p>\n<p>Gestern ist das neue stern-Heft \u201eviva\u201c im Handel erschienen.<br \/>\nIn diesem Heft wird in einer foto-home-love-live-aboard-story \u00fcber uns berichtet.<br \/>\nIm M\u00e4rz waren ja der Journalist Peter Sandmeyer und Fotograf Harald Schmitt bei uns f\u00fcr zwei Tage Gast an Bord \u00a0gewesen <a href=\"https:\/\/atanga.de\/?p=3226\">-atanga berichtete-<\/a>.<\/p>\n<p>Peter war so nett uns\u00a0die Geschichte vorab als pdf. zuzusenden.<br \/>\nSolange das Heft im Handel ist, d\u00fcrfen wir sie allerdings nicht auf unserem Blog ver\u00f6ffentlichen. Dies holen wir nach, sobald wir die Erlaubnis haben.<br \/>\nWir f\u00fchlen uns in der Reportage sehr gut wieder gegeben, so wie es Peter schon vor einem Jahr in dem Yacht Artikel gelungen ist.<br \/>\nSalopp gesagt, Peter Sandmeyer hat\u2018s echt drauf. Danke an dieser Stelle und viele Gr\u00fc\u00dfe \u2013 wir machen Dich zu unserem Stamm-Berichterstatter.\u00a0\u00a0<img src=\"https:\/\/atanga.de\/wp-content\/plugins\/classic-smilies\/img\/icon_wink.gif\" alt=\";-)\" class=\"wp-smiley\" style=\"height: 1em; max-height: 1em;\" \/><\/p>\n<p>Ein Foto in dem Artikel hat f\u00fcr viel Heiterkeit gesorgt. Vor allem bei Joachim! Womit auch klar sein d\u00fcrfte, wer abgebildet ist.<br \/>\nAllen, denen das Heft in die H\u00e4nde f\u00e4llt, sei erz\u00e4hlt: es sind bereits alle Witze an Bord \u00fcber das Leitfoto gemacht worden. <img src=\"https:\/\/atanga.de\/wp-content\/plugins\/classic-smilies\/img\/icon_cool.gif\" alt=\":cool:\" class=\"wp-smiley\" style=\"height: 1em; max-height: 1em;\" \/><br \/>\nDa steh ich dr\u00fcber!<\/p>\n<div class=\"pld-like-dislike-wrap pld-template-1\">\r\n    <div class=\"pld-like-wrap  pld-common-wrap\">\r\n    <a href=\"javascript:void(0)\" class=\"pld-like-trigger pld-like-dislike-trigger  \" title=\"gef\u00e4llt mir\" data-post-id=\"3834\" data-trigger-type=\"like\" data-restriction=\"cookie\" data-already-liked=\"0\">\r\n                        <i class=\"fas fa-thumbs-up\"><\/i>\r\n                <\/a>\r\n    <span class=\"pld-like-count-wrap pld-count-wrap\">    <\/span>\r\n<\/div><div class=\"pld-dislike-wrap  pld-common-wrap\">\r\n    <a href=\"javascript:void(0)\" class=\"pld-dislike-trigger pld-like-dislike-trigger  \" title=\"doof\" data-post-id=\"3834\" data-trigger-type=\"dislike\" data-restriction=\"cookie\" data-already-liked=\"0\">\r\n                        <i class=\"fas fa-thumbs-down\"><\/i>\r\n                <\/a>\r\n    <span class=\"pld-dislike-count-wrap pld-count-wrap\"><\/span>\r\n<\/div><\/div>","protected":false},"excerpt":{"rendered":"<p>Do., 11. Jun. 15, La Palma, Tag 376, 2.587 sm von HH Gestern ist das neue stern-Heft \u201eviva\u201c im Handel erschienen. In diesem Heft wird in einer foto-home-love-live-aboard-story \u00fcber uns berichtet. Im M\u00e4rz waren ja der Journalist Peter Sandmeyer und Fotograf Harald Schmitt bei uns f\u00fcr zwei Tage Gast an Bord \u00a0gewesen -atanga berichtete-. Peter [&hellip;]<\/p>\n","protected":false},"author":4,"featured_media":0,"comment_status":"open","ping_status":"closed","sticky":false,"template":"","format":"standard","meta":{"footnotes":""},"categories":[52,26,45],"tags":[],"class_list":["post-3834","post","type-post","status-publish","format-standard","hentry","category-la-palma","category-spanien","category-allgemein"],"_links":{"self":[{"href":"https:\/\/atanga.de\/index.php?rest_route=\/wp\/v2\/posts\/3834","targetHints":{"allow":["GET"]}}],"collection":[{"href":"https:\/\/atanga.de\/index.php?rest_route=\/wp\/v2\/posts"}],"about":[{"href":"https:\/\/atanga.de\/index.php?rest_route=\/wp\/v2\/types\/post"}],"author":[{"embeddable":true,"href":"https:\/\/atanga.de\/index.php?rest_route=\/wp\/v2\/users\/4"}],"replies":[{"embeddable":true,"href":"https:\/\/atanga.de\/index.php?rest_route=%2Fwp%2Fv2%2Fcomments&post=3834"}],"version-history":[{"count":3,"href":"https:\/\/atanga.de\/index.php?rest_route=\/wp\/v2\/posts\/3834\/revisions"}],"predecessor-version":[{"id":3837,"href":"https:\/\/atanga.de\/index.php?rest_route=\/wp\/v2\/posts\/3834\/revisions\/3837"}],"wp:attachment":[{"href":"https:\/\/atanga.de\/index.php?rest_route=%2Fwp%2Fv2%2Fmedia&parent=3834"}],"wp:term":[{"taxonomy":"category","embeddable":true,"href":"https:\/\/atanga.de\/index.php?rest_route=%2Fwp%2Fv2%2Fcategories&post=3834"},{"taxonomy":"post_tag","embeddable":true,"href":"https:\/\/atanga.de\/index.php?rest_route=%2Fwp%2Fv2%2Ftags&post=3834"}],"curies":[{"name":"wp","href":"https:\/\/api.w.org\/{rel}","templated":true}]}}