{"id":3838,"date":"2015-06-13T16:22:05","date_gmt":"2015-06-13T16:22:05","guid":{"rendered":"http:\/\/atanga.de\/?p=3838"},"modified":"2015-06-13T16:22:05","modified_gmt":"2015-06-13T16:22:05","slug":"der-haus-krater-von-santa-cruz","status":"publish","type":"post","link":"https:\/\/atanga.de\/?p=3838","title":{"rendered":"Der Haus-Krater von Santa Cruz"},"content":{"rendered":"<p>Fr., 12. Jun. 15, La Palma, Tag 377, 2.587 sm von HH<\/p>\n<p>Ein Vulkankrater dominiert den s\u00fcdlichen Stadtteil von Santa Cruz.<br \/>\nNur ein kleiner Teil ist ins Meer abgerutscht, so dass ein perfekter Dreiviertel-Kreis erhalten geblieben ist.<\/p>\n<p>Der Fu\u00dfweg ins Innere des Kraters ist schwer zu finden. Ein Gewirr an Zubringerstra\u00dfen, Tunneln und Abzweigungen f\u00fchrt uns ans Ziel. Diese verwegene Bauweise mag dem Umstand geschuldet sein, dass auf La Palma keine ebenen Fl\u00e4chen f\u00fcr Stra\u00dfenbau existieren.<\/p>\n<p>In der abgesackten Caldera des Kraters ist eine kleine Wohnsiedlung entstanden.<br \/>\nDiese macht einen bewohnten und gepflegten Eindruck. Nur die Badeanstalt ist kaputt und verwahrlost. Der Rest der \u00fcberdimensionierten Sportanlage ist gut in Schuss.<\/p>\n\n\t\t<style type=\"text\/css\">\n\t\t\t#gallery-1 {\n\t\t\t\tmargin: auto;\n\t\t\t}\n\t\t\t#gallery-1 .gallery-item {\n\t\t\t\tfloat: left;\n\t\t\t\tmargin-top: 10px;\n\t\t\t\ttext-align: center;\n\t\t\t\twidth: 33%;\n\t\t\t}\n\t\t\t#gallery-1 img {\n\t\t\t\tborder: 2px solid #cfcfcf;\n\t\t\t}\n\t\t\t#gallery-1 .gallery-caption {\n\t\t\t\tmargin-left: 0;\n\t\t\t}\n\t\t\t\/* see gallery_shortcode() in wp-includes\/media.php *\/\n\t\t<\/style>\n\t\t<div id='gallery-1' class='gallery galleryid-3838 gallery-columns-3 gallery-size-thumbnail'><dl class='gallery-item'>\n\t\t\t<dt class='gallery-icon landscape'>\n\t\t\t\t<a class=\"boxersandswipers\" title=\"Siedlung im Krater\" href='https:\/\/atanga.de\/wp-content\/uploads\/2015\/06\/Krater-Siedlung.jpg'><img decoding=\"async\" width=\"150\" height=\"150\" src=\"https:\/\/atanga.de\/wp-content\/uploads\/2015\/06\/Krater-Siedlung-150x150.jpg\" class=\"attachment-thumbnail size-thumbnail\" alt=\"\" aria-describedby=\"gallery-1-3843\" \/><\/a>\n\t\t\t<\/dt>\n\t\t\t\t<dd class='wp-caption-text gallery-caption' id='gallery-1-3843'>\n\t\t\t\tSiedlung im Krater\n\t\t\t\t<\/dd><\/dl><dl class='gallery-item'>\n\t\t\t<dt class='gallery-icon landscape'>\n\t\t\t\t<a class=\"boxersandswipers\" title=\"Krater-Auto: Seat 750\" href='https:\/\/atanga.de\/wp-content\/uploads\/2015\/06\/Auto-in-Krater.jpg'><img decoding=\"async\" width=\"150\" height=\"150\" src=\"https:\/\/atanga.de\/wp-content\/uploads\/2015\/06\/Auto-in-Krater-150x150.jpg\" class=\"attachment-thumbnail size-thumbnail\" alt=\"\" aria-describedby=\"gallery-1-3839\" \/><\/a>\n\t\t\t<\/dt>\n\t\t\t\t<dd class='wp-caption-text gallery-caption' id='gallery-1-3839'>\n\t\t\t\tKrater-Auto: Seat 750\n\t\t\t\t<\/dd><\/dl>\n\t\t\t<br style='clear: both' \/>\n\t\t<\/div>\n\n<p>Die Stadtplaner von Santa Cruz hatten sich offensichtlich mehr Bebauung im Krater erhofft.<br \/>\nDie Stra\u00dfen daf\u00fcr wurden vorsorglich schon mal angelegt. Erschlossen mit Fu\u00dfweg, Stra\u00dfenlaternen und Kanalisation. Allerdings erobern sich seit mehreren Jahren Lampenputzer-Gras, niedriges Gestr\u00fcpp und Unkraut die Fl\u00e4chen zur\u00fcck.<\/p>\n\n\t\t<style type=\"text\/css\">\n\t\t\t#gallery-2 {\n\t\t\t\tmargin: auto;\n\t\t\t}\n\t\t\t#gallery-2 .gallery-item {\n\t\t\t\tfloat: left;\n\t\t\t\tmargin-top: 10px;\n\t\t\t\ttext-align: center;\n\t\t\t\twidth: 33%;\n\t\t\t}\n\t\t\t#gallery-2 img {\n\t\t\t\tborder: 2px solid #cfcfcf;\n\t\t\t}\n\t\t\t#gallery-2 .gallery-caption {\n\t\t\t\tmargin-left: 0;\n\t\t\t}\n\t\t\t\/* see gallery_shortcode() in wp-includes\/media.php *\/\n\t\t<\/style>\n\t\t<div id='gallery-2' class='gallery galleryid-3838 gallery-columns-3 gallery-size-thumbnail'><dl class='gallery-item'>\n\t\t\t<dt class='gallery-icon landscape'>\n\t\t\t\t<a class=\"boxersandswipers\" title=\"Sinnlose Krater-Stra\u00dfe\" href='https:\/\/atanga.de\/wp-content\/uploads\/2015\/06\/Krater-Strasse.jpg'><img decoding=\"async\" width=\"150\" height=\"150\" src=\"https:\/\/atanga.de\/wp-content\/uploads\/2015\/06\/Krater-Strasse-150x150.jpg\" class=\"attachment-thumbnail size-thumbnail\" alt=\"\" aria-describedby=\"gallery-2-3844\" \/><\/a>\n\t\t\t<\/dt>\n\t\t\t\t<dd class='wp-caption-text gallery-caption' id='gallery-2-3844'>\n\t\t\t\tSinnlose Krater-Stra\u00dfe\n\t\t\t\t<\/dd><\/dl>\n\t\t\t<br style='clear: both' \/>\n\t\t<\/div>\n\n<p>Die Stra\u00dfen sind zum Teil ins Vulkangestein gefr\u00e4st. Zwei Stra\u00dfen verlaufen, leicht h\u00f6henversetzt, parallel zueinander. Eine Bebauung erscheint uns rechts und links unm\u00f6glich. Und das Merkw\u00fcrdigste ist, dass beide Stra\u00dfen in einem Wendehammer enden.<br \/>\nViel Geld und Zeit f\u00fcr nichts ist verschwendet worden.<\/p>\n<p>Auch die Siedlung wartet mit einer Stra\u00dfenstruktur auf, wie sie einer Kleinstadt w\u00fcrdig w\u00e4re. Alle Stra\u00dfen sind zweispurige Einbahnstra\u00dfen. Zum Teil m\u00fcnden diese Einbahnstra\u00dfen in einen Kreisel! Wer den zum Umdrehen benutzt, hat verloren. <img src=\"https:\/\/atanga.de\/wp-content\/plugins\/classic-smilies\/img\/icon_rolleyes.gif\" alt=\":roll:\" class=\"wp-smiley\" style=\"height: 1em; max-height: 1em;\" \/><\/p>\n\n\t\t<style type=\"text\/css\">\n\t\t\t#gallery-3 {\n\t\t\t\tmargin: auto;\n\t\t\t}\n\t\t\t#gallery-3 .gallery-item {\n\t\t\t\tfloat: left;\n\t\t\t\tmargin-top: 10px;\n\t\t\t\ttext-align: center;\n\t\t\t\twidth: 33%;\n\t\t\t}\n\t\t\t#gallery-3 img {\n\t\t\t\tborder: 2px solid #cfcfcf;\n\t\t\t}\n\t\t\t#gallery-3 .gallery-caption {\n\t\t\t\tmargin-left: 0;\n\t\t\t}\n\t\t\t\/* see gallery_shortcode() in wp-includes\/media.php *\/\n\t\t<\/style>\n\t\t<div id='gallery-3' class='gallery galleryid-3838 gallery-columns-3 gallery-size-thumbnail'><dl class='gallery-item'>\n\t\t\t<dt class='gallery-icon landscape'>\n\t\t\t\t<a class=\"boxersandswipers\" title=\"Stra\u00dfen im Krater\" href='https:\/\/atanga.de\/wp-content\/uploads\/2015\/06\/Krater-Stra\u00dfenplanung.jpg'><img decoding=\"async\" width=\"150\" height=\"150\" src=\"https:\/\/atanga.de\/wp-content\/uploads\/2015\/06\/Krater-Stra\u00dfenplanung-150x150.jpg\" class=\"attachment-thumbnail size-thumbnail\" alt=\"\" aria-describedby=\"gallery-3-3845\" \/><\/a>\n\t\t\t<\/dt>\n\t\t\t\t<dd class='wp-caption-text gallery-caption' id='gallery-3-3845'>\n\t\t\t\tStra\u00dfen im Krater\n\t\t\t\t<\/dd><\/dl>\n\t\t\t<br style='clear: both' \/>\n\t\t<\/div>\n\n<p>Solche Stra\u00dfenf\u00fchrungen sind symptomatisch f\u00fcr die Kanaren. Vielerorts sind wir schon auf solche Missplanung gesto\u00dfen.<br \/>\nIn der Krater-Siedlung erh\u00f6ht sich sicher nicht die Wohnqualit\u00e4t, wenn es mehr Kreuzungen als Einwohner gibt.<\/p>\n\n\t\t<style type=\"text\/css\">\n\t\t\t#gallery-4 {\n\t\t\t\tmargin: auto;\n\t\t\t}\n\t\t\t#gallery-4 .gallery-item {\n\t\t\t\tfloat: left;\n\t\t\t\tmargin-top: 10px;\n\t\t\t\ttext-align: center;\n\t\t\t\twidth: 33%;\n\t\t\t}\n\t\t\t#gallery-4 img {\n\t\t\t\tborder: 2px solid #cfcfcf;\n\t\t\t}\n\t\t\t#gallery-4 .gallery-caption {\n\t\t\t\tmargin-left: 0;\n\t\t\t}\n\t\t\t\/* see gallery_shortcode() in wp-includes\/media.php *\/\n\t\t<\/style>\n\t\t<div id='gallery-4' class='gallery galleryid-3838 gallery-columns-3 gallery-size-thumbnail'><dl class='gallery-item'>\n\t\t\t<dt class='gallery-icon landscape'>\n\t\t\t\t<a class=\"boxersandswipers\" title=\"Krater aus Norden\" href='https:\/\/atanga.de\/wp-content\/uploads\/2015\/06\/Krater-aus-Nord.jpg'><img decoding=\"async\" width=\"150\" height=\"150\" src=\"https:\/\/atanga.de\/wp-content\/uploads\/2015\/06\/Krater-aus-Nord-150x150.jpg\" class=\"attachment-thumbnail size-thumbnail\" alt=\"\" aria-describedby=\"gallery-4-3842\" \/><\/a>\n\t\t\t<\/dt>\n\t\t\t\t<dd class='wp-caption-text gallery-caption' id='gallery-4-3842'>\n\t\t\t\tKrater aus Norden\n\t\t\t\t<\/dd><\/dl><dl class='gallery-item'>\n\t\t\t<dt class='gallery-icon landscape'>\n\t\t\t\t<a class=\"boxersandswipers\" title=\"Blick auf Krater\" href='https:\/\/atanga.de\/wp-content\/uploads\/2015\/06\/Krater-aus-der-Marina.jpg'><img decoding=\"async\" width=\"150\" height=\"150\" src=\"https:\/\/atanga.de\/wp-content\/uploads\/2015\/06\/Krater-aus-der-Marina-150x150.jpg\" class=\"attachment-thumbnail size-thumbnail\" alt=\"\" aria-describedby=\"gallery-4-3841\" \/><\/a>\n\t\t\t<\/dt>\n\t\t\t\t<dd class='wp-caption-text gallery-caption' id='gallery-4-3841'>\n\t\t\t\tBlick auf Krater\n\t\t\t\t<\/dd><\/dl><dl class='gallery-item'>\n\t\t\t<dt class='gallery-icon landscape'>\n\t\t\t\t<a class=\"boxersandswipers\" title=\"Blick aus Krater\" href='https:\/\/atanga.de\/wp-content\/uploads\/2015\/06\/Blick-aus-Krater.jpg'><img decoding=\"async\" width=\"150\" height=\"150\" src=\"https:\/\/atanga.de\/wp-content\/uploads\/2015\/06\/Blick-aus-Krater-150x150.jpg\" class=\"attachment-thumbnail size-thumbnail\" alt=\"\" aria-describedby=\"gallery-4-3840\" \/><\/a>\n\t\t\t<\/dt>\n\t\t\t\t<dd class='wp-caption-text gallery-caption' id='gallery-4-3840'>\n\t\t\t\tBlick aus Krater\n\t\t\t\t<\/dd><\/dl><br style=\"clear: both\" \/>\n\t\t<\/div>\n\n<div class=\"pld-like-dislike-wrap pld-template-1\">\r\n    <div class=\"pld-like-wrap  pld-common-wrap\">\r\n    <a href=\"javascript:void(0)\" class=\"pld-like-trigger pld-like-dislike-trigger  \" title=\"gef\u00e4llt mir\" data-post-id=\"3838\" data-trigger-type=\"like\" data-restriction=\"cookie\" data-already-liked=\"0\">\r\n                        <i class=\"fas fa-thumbs-up\"><\/i>\r\n                <\/a>\r\n    <span class=\"pld-like-count-wrap pld-count-wrap\">    <\/span>\r\n<\/div><div class=\"pld-dislike-wrap  pld-common-wrap\">\r\n    <a href=\"javascript:void(0)\" class=\"pld-dislike-trigger pld-like-dislike-trigger  \" title=\"doof\" data-post-id=\"3838\" data-trigger-type=\"dislike\" data-restriction=\"cookie\" data-already-liked=\"0\">\r\n                        <i class=\"fas fa-thumbs-down\"><\/i>\r\n                <\/a>\r\n    <span class=\"pld-dislike-count-wrap pld-count-wrap\"><\/span>\r\n<\/div><\/div>","protected":false},"excerpt":{"rendered":"<p>Fr., 12. Jun. 15, La Palma, Tag 377, 2.587 sm von HH Ein Vulkankrater dominiert den s\u00fcdlichen Stadtteil von Santa Cruz. Nur ein kleiner Teil ist ins Meer abgerutscht, so dass ein perfekter Dreiviertel-Kreis erhalten geblieben ist. Der Fu\u00dfweg ins Innere des Kraters ist schwer zu finden. Ein Gewirr an Zubringerstra\u00dfen, Tunneln und Abzweigungen f\u00fchrt [&hellip;]<\/p>\n","protected":false},"author":4,"featured_media":0,"comment_status":"open","ping_status":"closed","sticky":false,"template":"","format":"standard","meta":{"footnotes":""},"categories":[52,36,26],"tags":[],"class_list":["post-3838","post","type-post","status-publish","format-standard","hentry","category-la-palma","category-landausfluege","category-spanien"],"_links":{"self":[{"href":"https:\/\/atanga.de\/index.php?rest_route=\/wp\/v2\/posts\/3838","targetHints":{"allow":["GET"]}}],"collection":[{"href":"https:\/\/atanga.de\/index.php?rest_route=\/wp\/v2\/posts"}],"about":[{"href":"https:\/\/atanga.de\/index.php?rest_route=\/wp\/v2\/types\/post"}],"author":[{"embeddable":true,"href":"https:\/\/atanga.de\/index.php?rest_route=\/wp\/v2\/users\/4"}],"replies":[{"embeddable":true,"href":"https:\/\/atanga.de\/index.php?rest_route=%2Fwp%2Fv2%2Fcomments&post=3838"}],"version-history":[{"count":1,"href":"https:\/\/atanga.de\/index.php?rest_route=\/wp\/v2\/posts\/3838\/revisions"}],"predecessor-version":[{"id":3846,"href":"https:\/\/atanga.de\/index.php?rest_route=\/wp\/v2\/posts\/3838\/revisions\/3846"}],"wp:attachment":[{"href":"https:\/\/atanga.de\/index.php?rest_route=%2Fwp%2Fv2%2Fmedia&parent=3838"}],"wp:term":[{"taxonomy":"category","embeddable":true,"href":"https:\/\/atanga.de\/index.php?rest_route=%2Fwp%2Fv2%2Fcategories&post=3838"},{"taxonomy":"post_tag","embeddable":true,"href":"https:\/\/atanga.de\/index.php?rest_route=%2Fwp%2Fv2%2Ftags&post=3838"}],"curies":[{"name":"wp","href":"https:\/\/api.w.org\/{rel}","templated":true}]}}