{"id":3854,"date":"2015-06-15T18:01:33","date_gmt":"2015-06-15T18:01:33","guid":{"rendered":"http:\/\/atanga.de\/?p=3854"},"modified":"2015-06-15T18:05:12","modified_gmt":"2015-06-15T18:05:12","slug":"warum-frauen-nicht-um-die-welt-segeln-sollten","status":"publish","type":"post","link":"https:\/\/atanga.de\/?p=3854","title":{"rendered":"Warum Frauen nicht um die Welt segeln sollten"},"content":{"rendered":"<p><em>So., 14. Jun. 15, La Palma, Tag 379, 2.587 sm von HH<br \/>\n<\/em><br \/>\nIch glaube, dass f\u00fcr die meisten Frauen ihr Haar von gro\u00dfer Bedeutung ist.<br \/>\nIch bilde da keine Ausnahme.<br \/>\nWenn man Evolutions-Psychologen glaubt, so liegt dessen wichtigste Bedeutung im sexuellen und sozialen Bereich. Volles Haar symbolisiert Jugend, Kraft und Vitalit\u00e4t.<br \/>\nEinem Mann gef\u00e4llt eher eine Frau mit vollem, langen Haar als Partnerin. Sagt die Psychologie.<\/p>\n<p>Ich bin br\u00fcnett.<br \/>\nAllerdings f\u00e4rbe ich mir seit \u00fcber 20 Jahre die Haare. Am Anfang habe ich alle Rott\u00f6ne, die es zu finden gab, ausprobiert. Nenn mir eine fragw\u00fcrdige Bezeichnung f\u00fcr ein Rot \u2013 ich hatte es bereits auf dem Kopf.<br \/>\nMal mit Henna alleine zu Hause oder professionell beim Friseur, mal Pumuckl-rot und mal rote Grundierung mit schwarzen Str\u00e4hnen.<br \/>\nAls mir das zu langweilig wurde, habe ich vor einigen Jahren zu braunen T\u00f6nen gewechselt.<br \/>\nJetzt, um die ersten grauen Str\u00e4hnen &#8211; erfolgreich &#8211; zu \u00fcberdecken.<\/p>\n<p>Seit wir unterwegs sind, hat sich mein friedliches Haar-F\u00e4rbe-Leben dramatisch ge\u00e4ndert. Geahnt habe ich das bereits, bevor wir gestartet sind. Auf Fragen, was ich f\u00fcr Probleme auf mich zukommen sehe, habe ich h\u00e4ufig geantwortet, dass ich nur zwei unl\u00f6sbare Dinge erwarte: Die Wahl des richtigen Handytarifs und meine Frisur.<br \/>\nIst es schon in Deutschland, in der Muttersprache, schwierig, gl\u00fccklich vom Friseur heimzukommen, so erschien es mir im Ausland unm\u00f6glich.<\/p>\n<p>Und ich sollte leider Recht behalten.<br \/>\nMeine bisherigen Friseur-Besuche, von Lissabon abgesehen <a href=\"https:\/\/atanga.de\/?p=1966\">(da hatte ich die Harre sch\u00f6n)<\/a>\u00a0sind ein Desaster. Wenn der Schnitt noch halbwegs akzeptabel ist, so sind die F\u00e4rbungen eine Katastrophe.<br \/>\nIch habe auf dem Kopf seit Monaten ein total fieses Blond. Mit Gelbstich. Und Tendenz zu Orange.<br \/>\nDer urspr\u00fcngliche Zweck, die grauen Haare zu \u00fcberdecken, kehrt sich ins Gegenteil um. Die Sonne bleicht diese Str\u00e4hnen wei\u00dfblond aus. Unn\u00f6tig zu erw\u00e4hnen, dass diese dadurch ganz besonders betont werden.<br \/>\nEs sieht leider auch nicht nach sexy Beach-Surf-Baywatch aus, sondern nach Streifenh\u00f6rnchen.<\/p>\n<p>Daher habe ich beschlossen, mit dem F\u00e4rben aufzuh\u00f6ren.<br \/>\nDas letzte Mal war Anfang M\u00e4rz. Es sind seitdem drei Monate vergangen und ein drei Zentimeter breiter Ansatz lugt unter der Unfarbe hervor. Dieser Streifen ist br\u00fcnett mit grau. <img src=\"https:\/\/atanga.de\/wp-content\/plugins\/classic-smilies\/img\/icon_mrgreen.gif\" alt=\":mrgreen:\" class=\"wp-smiley\" style=\"height: 1em; max-height: 1em;\" \/><br \/>\nSchlimm ist, dass eine F\u00e4rbung aus Dezember ebenfalls klar als ein sieben Zentimeter breiter Streifen zu erkennen ist.<\/p>\n<p>Mein Deckhaar ist ungef\u00e4hr 20 cm lang, so dass es noch weitere 17 Monate vergehen werden, bis die letzte alte Farbe komplett raus gewachsen sein wird. Ob ich das durchhalte, erscheint mir im Augenblick mehr als fraglich.<\/p>\n<p>Alternativ k\u00f6nnte ich mir einen Mekki schneiden lassen. Das w\u00fcrde zumindest das Farbproblem auf einen Streich l\u00f6sen. Nur, wie war das noch? Was sagt die Psychologie\u2026?<\/p>\n<p>Hat nicht jemand eine gute L\u00f6sung f\u00fcr mich?<\/p>\n\n\t\t<style type=\"text\/css\">\n\t\t\t#gallery-1 {\n\t\t\t\tmargin: auto;\n\t\t\t}\n\t\t\t#gallery-1 .gallery-item {\n\t\t\t\tfloat: left;\n\t\t\t\tmargin-top: 10px;\n\t\t\t\ttext-align: center;\n\t\t\t\twidth: 33%;\n\t\t\t}\n\t\t\t#gallery-1 img {\n\t\t\t\tborder: 2px solid #cfcfcf;\n\t\t\t}\n\t\t\t#gallery-1 .gallery-caption {\n\t\t\t\tmargin-left: 0;\n\t\t\t}\n\t\t\t\/* see gallery_shortcode() in wp-includes\/media.php *\/\n\t\t<\/style>\n\t\t<div id='gallery-1' class='gallery galleryid-3854 gallery-columns-3 gallery-size-thumbnail'><dl class='gallery-item'>\n\t\t\t<dt class='gallery-icon landscape'>\n\t\t\t\t<a class=\"boxersandswipers\" title=\"Haar-Desaster\" href='https:\/\/atanga.de\/wp-content\/uploads\/2015\/06\/Haare.jpg'><img decoding=\"async\" width=\"150\" height=\"150\" src=\"https:\/\/atanga.de\/wp-content\/uploads\/2015\/06\/Haare-150x150.jpg\" class=\"attachment-thumbnail size-thumbnail\" alt=\"\" aria-describedby=\"gallery-1-3855\" \/><\/a>\n\t\t\t<\/dt>\n\t\t\t\t<dd class='wp-caption-text gallery-caption' id='gallery-1-3855'>\n\t\t\t\tHaar-Desaster\n\t\t\t\t<\/dd><\/dl>\n\t\t\t<br style='clear: both' \/>\n\t\t<\/div>\n\n<div class=\"pld-like-dislike-wrap pld-template-1\">\r\n    <div class=\"pld-like-wrap  pld-common-wrap\">\r\n    <a href=\"javascript:void(0)\" class=\"pld-like-trigger pld-like-dislike-trigger  \" title=\"gef\u00e4llt mir\" data-post-id=\"3854\" data-trigger-type=\"like\" data-restriction=\"cookie\" data-already-liked=\"0\">\r\n                        <i class=\"fas fa-thumbs-up\"><\/i>\r\n                <\/a>\r\n    <span class=\"pld-like-count-wrap pld-count-wrap\">    <\/span>\r\n<\/div><div class=\"pld-dislike-wrap  pld-common-wrap\">\r\n    <a href=\"javascript:void(0)\" class=\"pld-dislike-trigger pld-like-dislike-trigger  \" title=\"doof\" data-post-id=\"3854\" data-trigger-type=\"dislike\" data-restriction=\"cookie\" data-already-liked=\"0\">\r\n                        <i class=\"fas fa-thumbs-down\"><\/i>\r\n                <\/a>\r\n    <span class=\"pld-dislike-count-wrap pld-count-wrap\"><\/span>\r\n<\/div><\/div>","protected":false},"excerpt":{"rendered":"<p>So., 14. Jun. 15, La Palma, Tag 379, 2.587 sm von HH Ich glaube, dass f\u00fcr die meisten Frauen ihr Haar von gro\u00dfer Bedeutung ist. Ich bilde da keine Ausnahme. Wenn man Evolutions-Psychologen glaubt, so liegt dessen wichtigste Bedeutung im sexuellen und sozialen Bereich. Volles Haar symbolisiert Jugend, Kraft und Vitalit\u00e4t. Einem Mann gef\u00e4llt eher [&hellip;]<\/p>\n","protected":false},"author":4,"featured_media":0,"comment_status":"open","ping_status":"closed","sticky":false,"template":"","format":"standard","meta":{"footnotes":""},"categories":[52,26,45],"tags":[],"class_list":["post-3854","post","type-post","status-publish","format-standard","hentry","category-la-palma","category-spanien","category-allgemein"],"_links":{"self":[{"href":"https:\/\/atanga.de\/index.php?rest_route=\/wp\/v2\/posts\/3854","targetHints":{"allow":["GET"]}}],"collection":[{"href":"https:\/\/atanga.de\/index.php?rest_route=\/wp\/v2\/posts"}],"about":[{"href":"https:\/\/atanga.de\/index.php?rest_route=\/wp\/v2\/types\/post"}],"author":[{"embeddable":true,"href":"https:\/\/atanga.de\/index.php?rest_route=\/wp\/v2\/users\/4"}],"replies":[{"embeddable":true,"href":"https:\/\/atanga.de\/index.php?rest_route=%2Fwp%2Fv2%2Fcomments&post=3854"}],"version-history":[{"count":3,"href":"https:\/\/atanga.de\/index.php?rest_route=\/wp\/v2\/posts\/3854\/revisions"}],"predecessor-version":[{"id":3858,"href":"https:\/\/atanga.de\/index.php?rest_route=\/wp\/v2\/posts\/3854\/revisions\/3858"}],"wp:attachment":[{"href":"https:\/\/atanga.de\/index.php?rest_route=%2Fwp%2Fv2%2Fmedia&parent=3854"}],"wp:term":[{"taxonomy":"category","embeddable":true,"href":"https:\/\/atanga.de\/index.php?rest_route=%2Fwp%2Fv2%2Fcategories&post=3854"},{"taxonomy":"post_tag","embeddable":true,"href":"https:\/\/atanga.de\/index.php?rest_route=%2Fwp%2Fv2%2Ftags&post=3854"}],"curies":[{"name":"wp","href":"https:\/\/api.w.org\/{rel}","templated":true}]}}