{"id":3860,"date":"2015-06-17T19:29:52","date_gmt":"2015-06-17T19:29:52","guid":{"rendered":"http:\/\/atanga.de\/?p=3860"},"modified":"2015-06-17T19:37:42","modified_gmt":"2015-06-17T19:37:42","slug":"schwrze-straende-weisses-fleisch","status":"publish","type":"post","link":"https:\/\/atanga.de\/?p=3860","title":{"rendered":"Schwarze Str\u00e4nde &#8211; wei\u00dfes Fleisch"},"content":{"rendered":"<p>Mo., 15. Jun. 15, La Palma, Tag 380, 2.587 sm von HH<\/p>\n<p>Die Marina von Santa Cruz liegt am s\u00fcdlichen Ende der Stadt.<br \/>\nEine nicht mehr viel befahrene Uferstra\u00dfe (es gibt einen neuen Umgehungs-Tunnel durch den Vulkan) f\u00fchrt nach Cancajos.<\/p>\n<p>Der Weg dorthin strotzt nicht gerade vor gro\u00dfartigen Highlights. Er f\u00fchrt an der Hafeneinfahrt mit einem schmalen Strand und qualmenden Kraftwerk vorbei.<br \/>\nWer hier baden geht, der will es wirklich.<\/p>\n\n\t\t<style type=\"text\/css\">\n\t\t\t#gallery-1 {\n\t\t\t\tmargin: auto;\n\t\t\t}\n\t\t\t#gallery-1 .gallery-item {\n\t\t\t\tfloat: left;\n\t\t\t\tmargin-top: 10px;\n\t\t\t\ttext-align: center;\n\t\t\t\twidth: 33%;\n\t\t\t}\n\t\t\t#gallery-1 img {\n\t\t\t\tborder: 2px solid #cfcfcf;\n\t\t\t}\n\t\t\t#gallery-1 .gallery-caption {\n\t\t\t\tmargin-left: 0;\n\t\t\t}\n\t\t\t\/* see gallery_shortcode() in wp-includes\/media.php *\/\n\t\t<\/style>\n\t\t<div id='gallery-1' class='gallery galleryid-3860 gallery-columns-3 gallery-size-thumbnail'><dl class='gallery-item'>\n\t\t\t<dt class='gallery-icon landscape'>\n\t\t\t\t<a class=\"boxersandswipers\" title=\"Hafeneinfahrt von Santa Cruz\" href='https:\/\/atanga.de\/wp-content\/uploads\/2015\/06\/1Hafeneinfahrt.jpg'><img decoding=\"async\" width=\"150\" height=\"150\" src=\"https:\/\/atanga.de\/wp-content\/uploads\/2015\/06\/1Hafeneinfahrt-150x150.jpg\" class=\"attachment-thumbnail size-thumbnail\" alt=\"\" aria-describedby=\"gallery-1-3862\" \/><\/a>\n\t\t\t<\/dt>\n\t\t\t\t<dd class='wp-caption-text gallery-caption' id='gallery-1-3862'>\n\t\t\t\tHafeneinfahrt von Santa Cruz\n\t\t\t\t<\/dd><\/dl>\n\t\t\t<br style='clear: both' \/>\n\t\t<\/div>\n\n<p>Den besten Platz in der Bucht -mit Blick auf Santa Cruz- hat sich das Milit\u00e4r geschnappt. Die Kaserne erscheint adrett und frisch get\u00fcncht. Wirkt aber unbewohnt.<\/p>\n\n\t\t<style type=\"text\/css\">\n\t\t\t#gallery-2 {\n\t\t\t\tmargin: auto;\n\t\t\t}\n\t\t\t#gallery-2 .gallery-item {\n\t\t\t\tfloat: left;\n\t\t\t\tmargin-top: 10px;\n\t\t\t\ttext-align: center;\n\t\t\t\twidth: 33%;\n\t\t\t}\n\t\t\t#gallery-2 img {\n\t\t\t\tborder: 2px solid #cfcfcf;\n\t\t\t}\n\t\t\t#gallery-2 .gallery-caption {\n\t\t\t\tmargin-left: 0;\n\t\t\t}\n\t\t\t\/* see gallery_shortcode() in wp-includes\/media.php *\/\n\t\t<\/style>\n\t\t<div id='gallery-2' class='gallery galleryid-3860 gallery-columns-3 gallery-size-thumbnail'><dl class='gallery-item'>\n\t\t\t<dt class='gallery-icon landscape'>\n\t\t\t\t<a class=\"boxersandswipers\" title=\"Kaserne\" href='https:\/\/atanga.de\/wp-content\/uploads\/2015\/06\/1Kaserne.jpg'><img decoding=\"async\" width=\"150\" height=\"150\" src=\"https:\/\/atanga.de\/wp-content\/uploads\/2015\/06\/1Kaserne-150x150.jpg\" class=\"attachment-thumbnail size-thumbnail\" alt=\"\" aria-describedby=\"gallery-2-3863\" \/><\/a>\n\t\t\t<\/dt>\n\t\t\t\t<dd class='wp-caption-text gallery-caption' id='gallery-2-3863'>\n\t\t\t\tKaserne\n\t\t\t\t<\/dd><\/dl>\n\t\t\t<br style='clear: both' \/>\n\t\t<\/div>\n\n<p>In Cancajos gab es in den 80er Jahren weder den Ort noch die Str\u00e4nde.<br \/>\nDamals existierte nur eine Saline, die schon l\u00e4ngst aufgegeben wurde. Damit die aufgesch\u00fctteten Str\u00e4nde an Ort und Stelle bleiben, wurden Wellenbrecher vor die K\u00fcste gekippt. Der Hotel- und Appartement-Ort ist aber nicht so unattraktiv. Da haben wir auf Fuerteventura und Gran Canaria viel schlimmere Dinge gesehen.<\/p>\n<p>Die Hochsaison beginnt jetzt langsam auf den Kanaren und so leuchtet es uns von weitem entgegen: wei\u00dfes Fleisch br\u00e4t auf schwarzem Strand.<br \/>\nEs steht heute keine Wolke am Himmel. Es m\u00fcssten eigentlich 40 Grad im Schatten sein. Aber der ewige Wind f\u00e4chelt so viel Erfrischung zu, dass es nicht zu merken ist, wie man hoffnungslos verbrennt.<\/p>\n\n\t\t<style type=\"text\/css\">\n\t\t\t#gallery-3 {\n\t\t\t\tmargin: auto;\n\t\t\t}\n\t\t\t#gallery-3 .gallery-item {\n\t\t\t\tfloat: left;\n\t\t\t\tmargin-top: 10px;\n\t\t\t\ttext-align: center;\n\t\t\t\twidth: 33%;\n\t\t\t}\n\t\t\t#gallery-3 img {\n\t\t\t\tborder: 2px solid #cfcfcf;\n\t\t\t}\n\t\t\t#gallery-3 .gallery-caption {\n\t\t\t\tmargin-left: 0;\n\t\t\t}\n\t\t\t\/* see gallery_shortcode() in wp-includes\/media.php *\/\n\t\t<\/style>\n\t\t<div id='gallery-3' class='gallery galleryid-3860 gallery-columns-3 gallery-size-thumbnail'><dl class='gallery-item'>\n\t\t\t<dt class='gallery-icon landscape'>\n\t\t\t\t<a class=\"boxersandswipers\" title=\"wei\u00dfes Fleisch\" href='https:\/\/atanga.de\/wp-content\/uploads\/2015\/06\/1Fleisch.jpg'><img decoding=\"async\" width=\"150\" height=\"150\" src=\"https:\/\/atanga.de\/wp-content\/uploads\/2015\/06\/1Fleisch-150x150.jpg\" class=\"attachment-thumbnail size-thumbnail\" alt=\"\" aria-describedby=\"gallery-3-3861\" \/><\/a>\n\t\t\t<\/dt>\n\t\t\t\t<dd class='wp-caption-text gallery-caption' id='gallery-3-3861'>\n\t\t\t\twei\u00dfes Fleisch\n\t\t\t\t<\/dd><\/dl>\n\t\t\t<br style='clear: both' \/>\n\t\t<\/div>\n\n<p>Wir befinden uns kaum 500 km vom n\u00f6rdlichen Wendekreis entfernt und bis zur Sommersonnenwende sind es nur noch wenige Tage.<br \/>\nDie Sonne steht nahezu senkrecht. Selbst die ungenutzten Sonnenschirme werfen einen perfekten Schatten um sich selbst.<br \/>\nIm Hotel gibt es abends rotes Fleisch auf wei\u00dfen Lacken.<\/p>\n\n\t\t<style type=\"text\/css\">\n\t\t\t#gallery-4 {\n\t\t\t\tmargin: auto;\n\t\t\t}\n\t\t\t#gallery-4 .gallery-item {\n\t\t\t\tfloat: left;\n\t\t\t\tmargin-top: 10px;\n\t\t\t\ttext-align: center;\n\t\t\t\twidth: 33%;\n\t\t\t}\n\t\t\t#gallery-4 img {\n\t\t\t\tborder: 2px solid #cfcfcf;\n\t\t\t}\n\t\t\t#gallery-4 .gallery-caption {\n\t\t\t\tmargin-left: 0;\n\t\t\t}\n\t\t\t\/* see gallery_shortcode() in wp-includes\/media.php *\/\n\t\t<\/style>\n\t\t<div id='gallery-4' class='gallery galleryid-3860 gallery-columns-3 gallery-size-thumbnail'><dl class='gallery-item'>\n\t\t\t<dt class='gallery-icon landscape'>\n\t\t\t\t<a class=\"boxersandswipers\" title=\"Perfekter Schatten\" href='https:\/\/atanga.de\/wp-content\/uploads\/2015\/06\/1Schirm.jpg'><img decoding=\"async\" width=\"150\" height=\"150\" src=\"https:\/\/atanga.de\/wp-content\/uploads\/2015\/06\/1Schirm-150x150.jpg\" class=\"attachment-thumbnail size-thumbnail\" alt=\"\" aria-describedby=\"gallery-4-3864\" \/><\/a>\n\t\t\t<\/dt>\n\t\t\t\t<dd class='wp-caption-text gallery-caption' id='gallery-4-3864'>\n\t\t\t\tPerfekter Schatten\n\t\t\t\t<\/dd><\/dl>\n\t\t\t<br style='clear: both' \/>\n\t\t<\/div>\n\n<div class=\"pld-like-dislike-wrap pld-template-1\">\r\n    <div class=\"pld-like-wrap  pld-common-wrap\">\r\n    <a href=\"javascript:void(0)\" class=\"pld-like-trigger pld-like-dislike-trigger  \" title=\"gef\u00e4llt mir\" data-post-id=\"3860\" data-trigger-type=\"like\" data-restriction=\"cookie\" data-already-liked=\"0\">\r\n                        <i class=\"fas fa-thumbs-up\"><\/i>\r\n                <\/a>\r\n    <span class=\"pld-like-count-wrap pld-count-wrap\">    <\/span>\r\n<\/div><div class=\"pld-dislike-wrap  pld-common-wrap\">\r\n    <a href=\"javascript:void(0)\" class=\"pld-dislike-trigger pld-like-dislike-trigger  \" title=\"doof\" data-post-id=\"3860\" data-trigger-type=\"dislike\" data-restriction=\"cookie\" data-already-liked=\"0\">\r\n                        <i class=\"fas fa-thumbs-down\"><\/i>\r\n                <\/a>\r\n    <span class=\"pld-dislike-count-wrap pld-count-wrap\"><\/span>\r\n<\/div><\/div>","protected":false},"excerpt":{"rendered":"<p>Mo., 15. Jun. 15, La Palma, Tag 380, 2.587 sm von HH Die Marina von Santa Cruz liegt am s\u00fcdlichen Ende der Stadt. Eine nicht mehr viel befahrene Uferstra\u00dfe (es gibt einen neuen Umgehungs-Tunnel durch den Vulkan) f\u00fchrt nach Cancajos. Der Weg dorthin strotzt nicht gerade vor gro\u00dfartigen Highlights. Er f\u00fchrt an der Hafeneinfahrt mit [&hellip;]<\/p>\n","protected":false},"author":4,"featured_media":0,"comment_status":"open","ping_status":"closed","sticky":false,"template":"","format":"standard","meta":{"footnotes":""},"categories":[52,36,26],"tags":[],"class_list":["post-3860","post","type-post","status-publish","format-standard","hentry","category-la-palma","category-landausfluege","category-spanien"],"_links":{"self":[{"href":"https:\/\/atanga.de\/index.php?rest_route=\/wp\/v2\/posts\/3860","targetHints":{"allow":["GET"]}}],"collection":[{"href":"https:\/\/atanga.de\/index.php?rest_route=\/wp\/v2\/posts"}],"about":[{"href":"https:\/\/atanga.de\/index.php?rest_route=\/wp\/v2\/types\/post"}],"author":[{"embeddable":true,"href":"https:\/\/atanga.de\/index.php?rest_route=\/wp\/v2\/users\/4"}],"replies":[{"embeddable":true,"href":"https:\/\/atanga.de\/index.php?rest_route=%2Fwp%2Fv2%2Fcomments&post=3860"}],"version-history":[{"count":5,"href":"https:\/\/atanga.de\/index.php?rest_route=\/wp\/v2\/posts\/3860\/revisions"}],"predecessor-version":[{"id":3869,"href":"https:\/\/atanga.de\/index.php?rest_route=\/wp\/v2\/posts\/3860\/revisions\/3869"}],"wp:attachment":[{"href":"https:\/\/atanga.de\/index.php?rest_route=%2Fwp%2Fv2%2Fmedia&parent=3860"}],"wp:term":[{"taxonomy":"category","embeddable":true,"href":"https:\/\/atanga.de\/index.php?rest_route=%2Fwp%2Fv2%2Fcategories&post=3860"},{"taxonomy":"post_tag","embeddable":true,"href":"https:\/\/atanga.de\/index.php?rest_route=%2Fwp%2Fv2%2Ftags&post=3860"}],"curies":[{"name":"wp","href":"https:\/\/api.w.org\/{rel}","templated":true}]}}