{"id":3890,"date":"2015-06-19T14:23:47","date_gmt":"2015-06-19T14:23:47","guid":{"rendered":"http:\/\/atanga.de\/?p=3890"},"modified":"2015-06-19T14:23:47","modified_gmt":"2015-06-19T14:23:47","slug":"raab-hoert-auf-2","status":"publish","type":"post","link":"https:\/\/atanga.de\/?p=3890","title":{"rendered":"Raab h\u00f6rt auf"},"content":{"rendered":"<p>Do., 18. Jun. 15, La Palma, Tag 383, 2.587 sm von HH<\/p>\n<p>Was wir heute im Internet lesen mussten, birgt ganz neue Herausforderung f\u00fcr unsere Weiterfahrt. Die Konsequenzen des R\u00fccktritts von Stefan Raab k\u00f6nnten auch Langfahrtsegler betreffen.<\/p>\n<p>Achim steht morgens meistens eine halbe bis eine Stunde vor mir auf.<br \/>\nDas ist f\u00fcr ihn angenehm, da er mit einem Kaffee im Cockpit sitzen und in Ruhe im Internet surfen kann. Ohne, dass ich ihn vollquatsche.<\/p>\n<p>F\u00fcr mich ist es sogar noch angenehmer. Sobald ich dazu komme, werde ich erst mit einem Tee und dann mit den News versorgt. Ohne, dass ich selber lesen m\u00fcsste.<\/p>\n<p>Heute kam Achim aber mit der Horrormeldung des Tages r\u00fcber: Stefan Raab h\u00e4ngt seine \u201eFernseh-Schuhe\u201c an den Nagel!<br \/>\nDas ist erst mal noch keine schlimme Nachricht.<br \/>\nNichts gegen Raab. Wir haben fr\u00fcher auch ganz gerne kurz vorm ins Bett gehen, TV-Total geguckt und manchmal auch Schlag-den-Raab.<br \/>\nDa wir nun ja g\u00e4nzlich ohne Fernseher leben (gut leben), macht uns die Nachricht des R\u00fccktritts nichts aus.<\/p>\n<p>Aber eine kleine Randnotiz aus dem Jahr 1999 erregt unsere Aufmerksamkeit.<br \/>\nBei \u201ezeitonline\u201c hei\u00dft es, dass Stefan Raab einen Traum habe, einen Riesentraum: \u201eIch will f\u00fcr ein paar Jahre mit einem gro\u00dfen Katamaran um die Welt segeln\u201c.<\/p>\n<p>Was k\u00f6nnte dies nun f\u00fcr uns bedeuten?<br \/>\nVor meinem geistigen Auge taucht auf, dass man mit Raab in einer Marina im P\u00e4ckchen liegt. Oder ihn im Ankerfeld als Nachbarn hat.<\/p>\n<p>Wird man dann von seinem wiehernden Lachen geweckt?<br \/>\nNicht ganz unwahrscheinlich, wie die Sy Eligius zu berichten wei\u00df:<\/p>\n<p>\u201eNach ein paar Tagen stellten wir fest, dass der neben uns ankernde Katamaran mit Prominenz best\u00fcckt war. Stefan Raab machte mit seiner Familie Urlaub. Er versuchte unerkannt zu bleiben, aber Uwe erkannte ihn an seiner Stimme und Gestik.\u201c<\/p>\n<p>Oder landet man auf einem seiner \u201ehallo-ich-bin-doof-Kn\u00f6pfe\u201c, weil man bei einer paddeligen Aktion gesehen wurde?<br \/>\nW\u00e4re durchaus im Bereich des M\u00f6glichen, wenn man liest, dass er ein Studio mit auf Weltumsegelung mitnehmen will.<\/p>\n<p>Ger\u00fcchteweise sollen ja sogar die Geissens eine Weltumsegelung planen.<br \/>\nSchlimme Vorstellung, dass ein &#8222;Roooobert&#8220; \u00fcber die Ankerbucht schallen k\u00f6nnte. <img src=\"https:\/\/atanga.de\/wp-content\/plugins\/classic-smilies\/img\/icon_mrgreen.gif\" alt=\":mrgreen:\" class=\"wp-smiley\" style=\"height: 1em; max-height: 1em;\" \/><\/p>\n<div class=\"pld-like-dislike-wrap pld-template-1\">\r\n    <div class=\"pld-like-wrap  pld-common-wrap\">\r\n    <a href=\"javascript:void(0)\" class=\"pld-like-trigger pld-like-dislike-trigger  \" title=\"gef\u00e4llt mir\" data-post-id=\"3890\" data-trigger-type=\"like\" data-restriction=\"cookie\" data-already-liked=\"0\">\r\n                        <i class=\"fas fa-thumbs-up\"><\/i>\r\n                <\/a>\r\n    <span class=\"pld-like-count-wrap pld-count-wrap\">    <\/span>\r\n<\/div><div class=\"pld-dislike-wrap  pld-common-wrap\">\r\n    <a href=\"javascript:void(0)\" class=\"pld-dislike-trigger pld-like-dislike-trigger  \" title=\"doof\" data-post-id=\"3890\" data-trigger-type=\"dislike\" data-restriction=\"cookie\" data-already-liked=\"0\">\r\n                        <i class=\"fas fa-thumbs-down\"><\/i>\r\n                <\/a>\r\n    <span class=\"pld-dislike-count-wrap pld-count-wrap\">1<\/span>\r\n<\/div><\/div>","protected":false},"excerpt":{"rendered":"<p>Do., 18. Jun. 15, La Palma, Tag 383, 2.587 sm von HH Was wir heute im Internet lesen mussten, birgt ganz neue Herausforderung f\u00fcr unsere Weiterfahrt. Die Konsequenzen des R\u00fccktritts von Stefan Raab k\u00f6nnten auch Langfahrtsegler betreffen. Achim steht morgens meistens eine halbe bis eine Stunde vor mir auf. Das ist f\u00fcr ihn angenehm, da [&hellip;]<\/p>\n","protected":false},"author":4,"featured_media":0,"comment_status":"open","ping_status":"closed","sticky":false,"template":"","format":"standard","meta":{"footnotes":""},"categories":[52,26,45],"tags":[],"class_list":["post-3890","post","type-post","status-publish","format-standard","hentry","category-la-palma","category-spanien","category-allgemein"],"_links":{"self":[{"href":"https:\/\/atanga.de\/index.php?rest_route=\/wp\/v2\/posts\/3890","targetHints":{"allow":["GET"]}}],"collection":[{"href":"https:\/\/atanga.de\/index.php?rest_route=\/wp\/v2\/posts"}],"about":[{"href":"https:\/\/atanga.de\/index.php?rest_route=\/wp\/v2\/types\/post"}],"author":[{"embeddable":true,"href":"https:\/\/atanga.de\/index.php?rest_route=\/wp\/v2\/users\/4"}],"replies":[{"embeddable":true,"href":"https:\/\/atanga.de\/index.php?rest_route=%2Fwp%2Fv2%2Fcomments&post=3890"}],"version-history":[{"count":2,"href":"https:\/\/atanga.de\/index.php?rest_route=\/wp\/v2\/posts\/3890\/revisions"}],"predecessor-version":[{"id":3893,"href":"https:\/\/atanga.de\/index.php?rest_route=\/wp\/v2\/posts\/3890\/revisions\/3893"}],"wp:attachment":[{"href":"https:\/\/atanga.de\/index.php?rest_route=%2Fwp%2Fv2%2Fmedia&parent=3890"}],"wp:term":[{"taxonomy":"category","embeddable":true,"href":"https:\/\/atanga.de\/index.php?rest_route=%2Fwp%2Fv2%2Fcategories&post=3890"},{"taxonomy":"post_tag","embeddable":true,"href":"https:\/\/atanga.de\/index.php?rest_route=%2Fwp%2Fv2%2Ftags&post=3890"}],"curies":[{"name":"wp","href":"https:\/\/api.w.org\/{rel}","templated":true}]}}