{"id":3894,"date":"2015-06-20T18:48:58","date_gmt":"2015-06-20T18:48:58","guid":{"rendered":"http:\/\/atanga.de\/?p=3894"},"modified":"2015-06-20T18:51:34","modified_gmt":"2015-06-20T18:51:34","slug":"bajada-in-santa-cruz","status":"publish","type":"post","link":"https:\/\/atanga.de\/?p=3894","title":{"rendered":"Bajada in Santa Cruz"},"content":{"rendered":"<p><em>Sa., 20. Jun.15, La Palma, Tag 385, 2.587 sm von HH<\/em><\/p>\n<p>Ab heute kommen gro\u00dfe Feierlichkeiten in Santa Cruz de la Palma auf uns zu.<br \/>\nDiese dauern sechs Wochen und das Programm des Festausschusses betr\u00e4gt sage und schreibe 28 Seiten.<\/p>\n<h2>Bajada &#8211; eine Stadt macht sich fein<\/h2>\n<p>Es handelt sich um die Bajada de la Virgen de las Nieves.<br \/>\nDie <a href=\"https:\/\/atanga.de\/?p=3724\">Terrakotta-Madonna<\/a> aus der benachbarten Wallfahrkirche wird in einer feierlichen Prozession nach Santa Cruz getragen. Ein nur alle f\u00fcnf Jahre stattfindendes Spektakel.<\/p>\n<p>Seinen Ursprung findet die Prozession im Jahre 1676, um eine lang anhaltende D\u00fcrre-Katastrophe abzuwenden.<br \/>\nDa das herunter tragen (Bajada) der Jungfrau den erw\u00fcnschten Regen brachte, legte der damalige Bischof der Kanaren fest, dass diese Prozession, sicher ist sicher, alle f\u00fcnf Jahre stattfinden solle.<\/p>\n<p>Die Madonna\u00a0hilft nicht nur gegen Trockenheit, sondern wehrt wahlweise auch Piratenangriffe, Vulkanausbr\u00fcche oder eine Heuschreckenplage ab.<br \/>\nGar nicht abergl\u00e4ubisch haben wir uns eine Miniatur an den Navi-Tisch geh\u00e4ngt. Man wei\u00df ja nie.<\/p>\n\n\t\t<style type=\"text\/css\">\n\t\t\t#gallery-1 {\n\t\t\t\tmargin: auto;\n\t\t\t}\n\t\t\t#gallery-1 .gallery-item {\n\t\t\t\tfloat: left;\n\t\t\t\tmargin-top: 10px;\n\t\t\t\ttext-align: center;\n\t\t\t\twidth: 33%;\n\t\t\t}\n\t\t\t#gallery-1 img {\n\t\t\t\tborder: 2px solid #cfcfcf;\n\t\t\t}\n\t\t\t#gallery-1 .gallery-caption {\n\t\t\t\tmargin-left: 0;\n\t\t\t}\n\t\t\t\/* see gallery_shortcode() in wp-includes\/media.php *\/\n\t\t<\/style>\n\t\t<div id='gallery-1' class='gallery galleryid-3894 gallery-columns-3 gallery-size-thumbnail'><dl class='gallery-item'>\n\t\t\t<dt class='gallery-icon portrait'>\n\t\t\t\t<a class=\"boxersandswipers\" title=\"Virgen-de-las-Nieves\" href='https:\/\/atanga.de\/wp-content\/uploads\/2015\/06\/Virgen-de-las-Nieves.jpg'><img decoding=\"async\" width=\"150\" height=\"150\" src=\"https:\/\/atanga.de\/wp-content\/uploads\/2015\/06\/Virgen-de-las-Nieves-150x150.jpg\" class=\"attachment-thumbnail size-thumbnail\" alt=\"Virgen de las Nieves\" aria-describedby=\"gallery-1-3900\" \/><\/a>\n\t\t\t<\/dt>\n\t\t\t\t<dd class='wp-caption-text gallery-caption' id='gallery-1-3900'>\n\t\t\t\tVirgen de las Nieves\n\t\t\t\t<\/dd><\/dl>\n\t\t\t<br style='clear: both' \/>\n\t\t<\/div>\n\n<p>Seit wir im Hafen von Santa Cruz liegen, beobachten wir, wie die Stadt sich f\u00fcr dieses Gro\u00df-Ereignis fein macht:<br \/>\n\u00dcberall wird aufger\u00e4umt, gewerkelt und vor allem gepinselt.<br \/>\nAlle f\u00fcnf Jahre werden die Anwohner Santa Cruz aufgefordert, ihre H\u00e4userfassaden neu zu streichen. Letzter Termin zur Fertigstellung dieser Versch\u00f6nerungen war der 30. Mai. Da die knappe Vorgabe nicht von allen geschafft wurde (Bajada ist wie Weihnachten &#8211; kommt ganz pl\u00f6tzlich) wird sogar am Sonntag und abends um acht noch gestrichen.<\/p>\n\n\t\t<style type=\"text\/css\">\n\t\t\t#gallery-2 {\n\t\t\t\tmargin: auto;\n\t\t\t}\n\t\t\t#gallery-2 .gallery-item {\n\t\t\t\tfloat: left;\n\t\t\t\tmargin-top: 10px;\n\t\t\t\ttext-align: center;\n\t\t\t\twidth: 33%;\n\t\t\t}\n\t\t\t#gallery-2 img {\n\t\t\t\tborder: 2px solid #cfcfcf;\n\t\t\t}\n\t\t\t#gallery-2 .gallery-caption {\n\t\t\t\tmargin-left: 0;\n\t\t\t}\n\t\t\t\/* see gallery_shortcode() in wp-includes\/media.php *\/\n\t\t<\/style>\n\t\t<div id='gallery-2' class='gallery galleryid-3894 gallery-columns-3 gallery-size-thumbnail'><dl class='gallery-item'>\n\t\t\t<dt class='gallery-icon landscape'>\n\t\t\t\t<a class=\"boxersandswipers\" title=\"Malen f\u00fcr die Bajada\" href='https:\/\/atanga.de\/wp-content\/uploads\/2015\/06\/Maler-zur-Bajada.jpg'><img decoding=\"async\" width=\"150\" height=\"150\" src=\"https:\/\/atanga.de\/wp-content\/uploads\/2015\/06\/Maler-zur-Bajada-150x150.jpg\" class=\"attachment-thumbnail size-thumbnail\" alt=\"Malen f\u00fcr die Bajada\" aria-describedby=\"gallery-2-3898\" \/><\/a>\n\t\t\t<\/dt>\n\t\t\t\t<dd class='wp-caption-text gallery-caption' id='gallery-2-3898'>\n\t\t\t\tMalen f\u00fcr die Bajada\n\t\t\t\t<\/dd><\/dl><dl class='gallery-item'>\n\t\t\t<dt class='gallery-icon portrait'>\n\t\t\t\t<a class=\"boxersandswipers\" title=\"Malen f\u00fcr die Bajada\" href='https:\/\/atanga.de\/wp-content\/uploads\/2015\/06\/Maler2-Bajada.jpg'><img decoding=\"async\" width=\"150\" height=\"150\" src=\"https:\/\/atanga.de\/wp-content\/uploads\/2015\/06\/Maler2-Bajada-150x150.jpg\" class=\"attachment-thumbnail size-thumbnail\" alt=\"Malen f\u00fcr die Bajada\" aria-describedby=\"gallery-2-3897\" \/><\/a>\n\t\t\t<\/dt>\n\t\t\t\t<dd class='wp-caption-text gallery-caption' id='gallery-2-3897'>\n\t\t\t\tMalen f\u00fcr die Bajada\n\t\t\t\t<\/dd><\/dl>\n\t\t\t<br style='clear: both' \/>\n\t\t<\/div>\n\n<p>Der Barranco am Kastell, welcher noch eine gro\u00dfe Rolle bei den Feierlichkeiten spielen soll, ist vom Unkraut und Buschwerk der letzten f\u00fcnf Jahre befreit.<br \/>\nDer Ortskern ist noch ein wenig schnieker als sowieso schon.<\/p>\n\n\t\t<style type=\"text\/css\">\n\t\t\t#gallery-3 {\n\t\t\t\tmargin: auto;\n\t\t\t}\n\t\t\t#gallery-3 .gallery-item {\n\t\t\t\tfloat: left;\n\t\t\t\tmargin-top: 10px;\n\t\t\t\ttext-align: center;\n\t\t\t\twidth: 33%;\n\t\t\t}\n\t\t\t#gallery-3 img {\n\t\t\t\tborder: 2px solid #cfcfcf;\n\t\t\t}\n\t\t\t#gallery-3 .gallery-caption {\n\t\t\t\tmargin-left: 0;\n\t\t\t}\n\t\t\t\/* see gallery_shortcode() in wp-includes\/media.php *\/\n\t\t<\/style>\n\t\t<div id='gallery-3' class='gallery galleryid-3894 gallery-columns-3 gallery-size-thumbnail'><dl class='gallery-item'>\n\t\t\t<dt class='gallery-icon landscape'>\n\t\t\t\t<a class=\"boxersandswipers\" title=\"Barranco vor vier Wochen\" href='https:\/\/atanga.de\/wp-content\/uploads\/2015\/06\/Barranco-vor-vier-Wochen.jpg'><img decoding=\"async\" width=\"150\" height=\"150\" src=\"https:\/\/atanga.de\/wp-content\/uploads\/2015\/06\/Barranco-vor-vier-Wochen-150x150.jpg\" class=\"attachment-thumbnail size-thumbnail\" alt=\"Barranco vor vier Wochen\" aria-describedby=\"gallery-3-3896\" \/><\/a>\n\t\t\t<\/dt>\n\t\t\t\t<dd class='wp-caption-text gallery-caption' id='gallery-3-3896'>\n\t\t\t\tBarranco vor vier Wochen\n\t\t\t\t<\/dd><\/dl><dl class='gallery-item'>\n\t\t\t<dt class='gallery-icon landscape'>\n\t\t\t\t<a class=\"boxersandswipers\" title=\"Barranco-fertig-Bajada\" href='https:\/\/atanga.de\/wp-content\/uploads\/2015\/06\/Barranco-Bajada.jpg'><img decoding=\"async\" width=\"150\" height=\"150\" src=\"https:\/\/atanga.de\/wp-content\/uploads\/2015\/06\/Barranco-Bajada-150x150.jpg\" class=\"attachment-thumbnail size-thumbnail\" alt=\"Barranco fertig f\u00fcr Bajada\" aria-describedby=\"gallery-3-3895\" \/><\/a>\n\t\t\t<\/dt>\n\t\t\t\t<dd class='wp-caption-text gallery-caption' id='gallery-3-3895'>\n\t\t\t\tBarranco fertig f\u00fcr Bajada\n\t\t\t\t<\/dd><\/dl>\n\t\t\t<br style='clear: both' \/>\n\t\t<\/div>\n\n<p>Direkt neben der Marina wurde in den letzten Tagen eine gro\u00dfe B\u00fchne aufgebaut. Und wir durften gestern Abend bereits am Sound-Check teilhaben.<br \/>\nDie modernen Feierlichkeiten werden von einer Reihe Konzerten, Tanzdarbietungen, Wettk\u00e4mpfen, einer Regatta, Trachtenumz\u00fcgen und sonstigem Kurzweil begleitet.<\/p>\n<p>Knapp zwei Millionen EUR stehen dem Festausschuss zur Verf\u00fcgung. Die Ausgaben werden zu rund 2\/3 durch Eintrittsgelder, Sponsoren und dem Verkauf von Werbeartikeln wieder hereinkommen \u2013 hofft man.<br \/>\nDie Differenz steuern die Stadt Santa Cruz und die Inselregierung zu.<\/p>\n<p>Gespart werden muss aber auch hier: hatte die Bajada doch im letzten Jahr noch 800.000 EUR mehr zur Verf\u00fcgung.<br \/>\nTrotz gek\u00fcrztem Etat, kommt da was Gro\u00dfes auf uns zu. Und wir sind mitten drin.<br \/>\nAlso haben wir\u00a0einen weiteren Monat in Santa Cruz bezahlt. Der Schwell h\u00e4lt sich zur Zeit auch in Grenzen und unsere selbst ertrunkenen Ruckd\u00e4mpfer erledigen flei\u00dfig ihre Arbeit.<\/p>\n<p>&nbsp;<\/p>\n<div class=\"pld-like-dislike-wrap pld-template-1\">\r\n    <div class=\"pld-like-wrap  pld-common-wrap\">\r\n    <a href=\"javascript:void(0)\" class=\"pld-like-trigger pld-like-dislike-trigger  \" title=\"gef\u00e4llt mir\" data-post-id=\"3894\" data-trigger-type=\"like\" data-restriction=\"cookie\" data-already-liked=\"0\">\r\n                        <i class=\"fas fa-thumbs-up\"><\/i>\r\n                <\/a>\r\n    <span class=\"pld-like-count-wrap pld-count-wrap\">    <\/span>\r\n<\/div><div class=\"pld-dislike-wrap  pld-common-wrap\">\r\n    <a href=\"javascript:void(0)\" class=\"pld-dislike-trigger pld-like-dislike-trigger  \" title=\"doof\" data-post-id=\"3894\" data-trigger-type=\"dislike\" data-restriction=\"cookie\" data-already-liked=\"0\">\r\n                        <i class=\"fas fa-thumbs-down\"><\/i>\r\n                <\/a>\r\n    <span class=\"pld-dislike-count-wrap pld-count-wrap\"><\/span>\r\n<\/div><\/div>","protected":false},"excerpt":{"rendered":"<p>Sa., 20. Jun.15, La Palma, Tag 385, 2.587 sm von HH Ab heute kommen gro\u00dfe Feierlichkeiten in Santa Cruz de la Palma auf uns zu. Diese dauern sechs Wochen und das Programm des Festausschusses betr\u00e4gt sage und schreibe 28 Seiten. Bajada &#8211; eine Stadt macht sich fein Es handelt sich um die Bajada de la [&hellip;]<\/p>\n","protected":false},"author":4,"featured_media":0,"comment_status":"open","ping_status":"closed","sticky":false,"template":"","format":"standard","meta":{"footnotes":""},"categories":[52,37,45],"tags":[],"class_list":["post-3894","post","type-post","status-publish","format-standard","hentry","category-la-palma","category-kanaren","category-allgemein"],"_links":{"self":[{"href":"https:\/\/atanga.de\/index.php?rest_route=\/wp\/v2\/posts\/3894","targetHints":{"allow":["GET"]}}],"collection":[{"href":"https:\/\/atanga.de\/index.php?rest_route=\/wp\/v2\/posts"}],"about":[{"href":"https:\/\/atanga.de\/index.php?rest_route=\/wp\/v2\/types\/post"}],"author":[{"embeddable":true,"href":"https:\/\/atanga.de\/index.php?rest_route=\/wp\/v2\/users\/4"}],"replies":[{"embeddable":true,"href":"https:\/\/atanga.de\/index.php?rest_route=%2Fwp%2Fv2%2Fcomments&post=3894"}],"version-history":[{"count":11,"href":"https:\/\/atanga.de\/index.php?rest_route=\/wp\/v2\/posts\/3894\/revisions"}],"predecessor-version":[{"id":3911,"href":"https:\/\/atanga.de\/index.php?rest_route=\/wp\/v2\/posts\/3894\/revisions\/3911"}],"wp:attachment":[{"href":"https:\/\/atanga.de\/index.php?rest_route=%2Fwp%2Fv2%2Fmedia&parent=3894"}],"wp:term":[{"taxonomy":"category","embeddable":true,"href":"https:\/\/atanga.de\/index.php?rest_route=%2Fwp%2Fv2%2Fcategories&post=3894"},{"taxonomy":"post_tag","embeddable":true,"href":"https:\/\/atanga.de\/index.php?rest_route=%2Fwp%2Fv2%2Ftags&post=3894"}],"curies":[{"name":"wp","href":"https:\/\/api.w.org\/{rel}","templated":true}]}}