{"id":3954,"date":"2015-06-25T17:08:50","date_gmt":"2015-06-25T17:08:50","guid":{"rendered":"http:\/\/atanga.de\/?p=3954"},"modified":"2015-06-25T17:08:50","modified_gmt":"2015-06-25T17:08:50","slug":"die-caldera-ein-ueberraschender-aussichtspunkt","status":"publish","type":"post","link":"https:\/\/atanga.de\/?p=3954","title":{"rendered":"Die Caldera \u2013 Ein \u00fcberraschender Aussichtspunkt"},"content":{"rendered":"<p><em>Di., 23. Jun.15, La Palma, Tag 388, 2.587 sm von HH<\/em><\/p>\n<p>An unserem letzten Tag mit dem Leihwagen, erleben wir noch eine \u00dcberraschung.<br \/>\nUnd das, obwohl wir die hochalpine Strecke am Rande der Caldera bereits zweimal gefahren sind.<\/p>\n<h2><strong><small>Ein Blick in die Caldera am Roque de los Muchachos<\/small><\/strong><\/h2>\n<p>Es gibt genau drei Stra\u00dfen auf La Palma auf denen die Insel in Ost-West-Richtung gequert werden kann.<br \/>\nDie spektakul\u00e4rste Stra\u00dfe ist die Caldera-Route in 2.300 Meter H\u00f6he. Hier befinden sich die Observatorien und die endemischen Natterk\u00f6pfe.<\/p>\n<p>Ich bin meistens Beifahrerin und plane und recherchiere unsere Ausfl\u00fcge. Somit darf ich unterwegs die entsprechenden Kommandos geben: \u201eJetzt rechts, im n\u00e4chsten Ort links\u201c oder \u201estopp, anhalten, Sehensw\u00fcrdigkeiten-Alarm.\u201c<br \/>\nDiese Anweisungen werden meistens willig befolgt. <img src=\"https:\/\/atanga.de\/wp-content\/plugins\/classic-smilies\/img\/icon_wink.gif\" alt=\";-)\" class=\"wp-smiley\" style=\"height: 1em; max-height: 1em;\" \/><\/p>\n<p>Jeder Reisef\u00fchrer und Reise-Blog erw\u00e4hnt die Caldera Stra\u00dfe.<br \/>\nNat\u00fcrlich erw\u00e4hnt jeder Reisef\u00fchrer und Reise-Blog die Caldera Stra\u00dfe. Hat man doch von hier aus den besten Blick in den Schlund des riesigen Vulkans.<br \/>\nEs wird auch immer eifrig auf den Mirador <em>Roque de los Muchachos<\/em> hingewiesen.<br \/>\nDass dieser sich am Ende einer kurzen Stichstra\u00dfe oberhalb der Observatorien befindet, steht allerdings nirgends (oder ich habe es die ganze Zeit \u00fcberlesen). F\u00fcr mich machte es den Eindruck, diese Stra\u00dfe bedient nur die Sternegucker.<\/p>\n<p>Als wir heute wieder an dieser Stichstra\u00dfe vorbeikommen, habe ich eine Eingebung: \u201eJetzt rechts\u201c!<br \/>\nEin gut besuchter Parkplatz, Infoh\u00e4uschen, Infoschilder, ein gepflasterter Fu\u00dfweg zum Mirador und ein einmaliger Ausblick in die Caldera erwarten uns.<\/p>\n<p>Zwar m\u00fcssen wir daf\u00fcr ein St\u00fcck wandern (gehen in der Landschaft), was wir heute auf gar keinen Fall machen wollten. Aber so kommen wir doch noch in den Genuss des besten Ausblicks von La Palma. <img src=\"https:\/\/atanga.de\/wp-content\/plugins\/classic-smilies\/img\/icon_smile.gif\" alt=\":-)\" class=\"wp-smiley\" style=\"height: 1em; max-height: 1em;\" \/><\/p>\n\n\t\t<style type=\"text\/css\">\n\t\t\t#gallery-1 {\n\t\t\t\tmargin: auto;\n\t\t\t}\n\t\t\t#gallery-1 .gallery-item {\n\t\t\t\tfloat: left;\n\t\t\t\tmargin-top: 10px;\n\t\t\t\ttext-align: center;\n\t\t\t\twidth: 33%;\n\t\t\t}\n\t\t\t#gallery-1 img {\n\t\t\t\tborder: 2px solid #cfcfcf;\n\t\t\t}\n\t\t\t#gallery-1 .gallery-caption {\n\t\t\t\tmargin-left: 0;\n\t\t\t}\n\t\t\t\/* see gallery_shortcode() in wp-includes\/media.php *\/\n\t\t<\/style>\n\t\t<div id='gallery-1' class='gallery galleryid-3954 gallery-columns-3 gallery-size-thumbnail'><dl class='gallery-item'>\n\t\t\t<dt class='gallery-icon landscape'>\n\t\t\t\t<a class=\"boxersandswipers\" title=\"Caldera\" href='https:\/\/atanga.de\/wp-content\/uploads\/2015\/06\/Caldera-3.jpg'><img decoding=\"async\" width=\"150\" height=\"150\" src=\"https:\/\/atanga.de\/wp-content\/uploads\/2015\/06\/Caldera-3-150x150.jpg\" class=\"attachment-thumbnail size-thumbnail\" alt=\"Caldera\" aria-describedby=\"gallery-1-3957\" \/><\/a>\n\t\t\t<\/dt>\n\t\t\t\t<dd class='wp-caption-text gallery-caption' id='gallery-1-3957'>\n\t\t\t\tCaldera\n\t\t\t\t<\/dd><\/dl><dl class='gallery-item'>\n\t\t\t<dt class='gallery-icon landscape'>\n\t\t\t\t<a class=\"boxersandswipers\" title=\"\" href='https:\/\/atanga.de\/wp-content\/uploads\/2015\/06\/Caldera.jpg'><img decoding=\"async\" width=\"150\" height=\"150\" src=\"https:\/\/atanga.de\/wp-content\/uploads\/2015\/06\/Caldera-150x150.jpg\" class=\"attachment-thumbnail size-thumbnail\" alt=\"\" \/><\/a>\n\t\t\t<\/dt><\/dl><dl class='gallery-item'>\n\t\t\t<dt class='gallery-icon landscape'>\n\t\t\t\t<a class=\"boxersandswipers\" title=\"\" href='https:\/\/atanga.de\/wp-content\/uploads\/2015\/06\/Caldera-2.jpg'><img decoding=\"async\" width=\"150\" height=\"150\" src=\"https:\/\/atanga.de\/wp-content\/uploads\/2015\/06\/Caldera-2-150x150.jpg\" class=\"attachment-thumbnail size-thumbnail\" alt=\"\" \/><\/a>\n\t\t\t<\/dt><\/dl><br style=\"clear: both\" \/><dl class='gallery-item'>\n\t\t\t<dt class='gallery-icon landscape'>\n\t\t\t\t<a class=\"boxersandswipers\" title=\"\" href='https:\/\/atanga.de\/wp-content\/uploads\/2015\/06\/Caldera-5.jpg'><img decoding=\"async\" width=\"150\" height=\"150\" src=\"https:\/\/atanga.de\/wp-content\/uploads\/2015\/06\/Caldera-5-150x150.jpg\" class=\"attachment-thumbnail size-thumbnail\" alt=\"\" \/><\/a>\n\t\t\t<\/dt><\/dl><dl class='gallery-item'>\n\t\t\t<dt class='gallery-icon landscape'>\n\t\t\t\t<a class=\"boxersandswipers\" title=\"\" href='https:\/\/atanga.de\/wp-content\/uploads\/2015\/06\/Caldera-4.jpg'><img decoding=\"async\" width=\"150\" height=\"150\" src=\"https:\/\/atanga.de\/wp-content\/uploads\/2015\/06\/Caldera-4-150x150.jpg\" class=\"attachment-thumbnail size-thumbnail\" alt=\"\" \/><\/a>\n\t\t\t<\/dt><\/dl>\n\t\t\t<br style='clear: both' \/>\n\t\t<\/div>\n\n<h2><strong><small>La Fajana<\/small><\/strong><\/h2>\n<p>So sch\u00f6n wie La Palma ist, so hat diese Insel doch einen kleinen Makel.<br \/>\nEs gibt nur wenige Stra\u00dfen, die ans Wasser f\u00fchren. Der Norden hat, au\u00dfer Wanderwegen, nur zwei St\u00fcck vorzuweisen.<\/p>\n<p>Wir fahren in La Fajana ans Meer.<br \/>\nDort gibt es einige Meerwasser-Schwimmbecken, die bereits seit 1976 als Schwimmbecken dienen. Zuvor wurden diese von den Einheimischen als Waschstelle genutzt. Mittlerweile haben sich aber zwei Appartement-H\u00e4user, ein Campingplatz und ein Restaurant dazu gesiedelt.<\/p>\n<p>Besonders einladend wirkt der kleine Naherholungsort auf uns allerdings nicht.<br \/>\nAuf den Kanaren wird \u00fcberall mit viel Aufwand jeder Kreisel und jeder Aussichtspunkt mit gro\u00dfem Aufwand versch\u00f6nert und bepflanzt.<br \/>\nAber eine der wenigen Stellen an denen man das Meer erreicht, wird so vernachl\u00e4ssigt.<br \/>\nDas finden wir sehr schade.<\/p>\n\n\t\t<style type=\"text\/css\">\n\t\t\t#gallery-2 {\n\t\t\t\tmargin: auto;\n\t\t\t}\n\t\t\t#gallery-2 .gallery-item {\n\t\t\t\tfloat: left;\n\t\t\t\tmargin-top: 10px;\n\t\t\t\ttext-align: center;\n\t\t\t\twidth: 33%;\n\t\t\t}\n\t\t\t#gallery-2 img {\n\t\t\t\tborder: 2px solid #cfcfcf;\n\t\t\t}\n\t\t\t#gallery-2 .gallery-caption {\n\t\t\t\tmargin-left: 0;\n\t\t\t}\n\t\t\t\/* see gallery_shortcode() in wp-includes\/media.php *\/\n\t\t<\/style>\n\t\t<div id='gallery-2' class='gallery galleryid-3954 gallery-columns-3 gallery-size-thumbnail'><dl class='gallery-item'>\n\t\t\t<dt class='gallery-icon landscape'>\n\t\t\t\t<a class=\"boxersandswipers\" title=\"Nordk\u00fcste von La Palma\" href='https:\/\/atanga.de\/wp-content\/uploads\/2015\/06\/Feja-3.jpg'><img decoding=\"async\" width=\"150\" height=\"150\" src=\"https:\/\/atanga.de\/wp-content\/uploads\/2015\/06\/Feja-3-150x150.jpg\" class=\"attachment-thumbnail size-thumbnail\" alt=\"Nordk\u00fcste von La Palma\" aria-describedby=\"gallery-2-3962\" \/><\/a>\n\t\t\t<\/dt>\n\t\t\t\t<dd class='wp-caption-text gallery-caption' id='gallery-2-3962'>\n\t\t\t\tNordk\u00fcste von La Palma\n\t\t\t\t<\/dd><\/dl><dl class='gallery-item'>\n\t\t\t<dt class='gallery-icon landscape'>\n\t\t\t\t<a class=\"boxersandswipers\" title=\"Die Meerwasserbecken\" href='https:\/\/atanga.de\/wp-content\/uploads\/2015\/06\/Feja-2.jpg'><img decoding=\"async\" width=\"150\" height=\"150\" src=\"https:\/\/atanga.de\/wp-content\/uploads\/2015\/06\/Feja-2-150x150.jpg\" class=\"attachment-thumbnail size-thumbnail\" alt=\"Die Meerwasserbecken\" aria-describedby=\"gallery-2-3961\" \/><\/a>\n\t\t\t<\/dt>\n\t\t\t\t<dd class='wp-caption-text gallery-caption' id='gallery-2-3961'>\n\t\t\t\tDie Meerwasserbecken\n\t\t\t\t<\/dd><\/dl><dl class='gallery-item'>\n\t\t\t<dt class='gallery-icon landscape'>\n\t\t\t\t<a class=\"boxersandswipers\" title=\"von La Fajana\" href='https:\/\/atanga.de\/wp-content\/uploads\/2015\/06\/Feja.jpg'><img decoding=\"async\" width=\"150\" height=\"150\" src=\"https:\/\/atanga.de\/wp-content\/uploads\/2015\/06\/Feja-150x150.jpg\" class=\"attachment-thumbnail size-thumbnail\" alt=\"von La Fajana\" aria-describedby=\"gallery-2-3960\" \/><\/a>\n\t\t\t<\/dt>\n\t\t\t\t<dd class='wp-caption-text gallery-caption' id='gallery-2-3960'>\n\t\t\t\tvon La Fajana\n\t\t\t\t<\/dd><\/dl><br style=\"clear: both\" \/>\n\t\t<\/div>\n\n<p>&nbsp;<\/p>\n<div class=\"pld-like-dislike-wrap pld-template-1\">\r\n    <div class=\"pld-like-wrap  pld-common-wrap\">\r\n    <a href=\"javascript:void(0)\" class=\"pld-like-trigger pld-like-dislike-trigger  \" title=\"gef\u00e4llt mir\" data-post-id=\"3954\" data-trigger-type=\"like\" data-restriction=\"cookie\" data-already-liked=\"0\">\r\n                        <i class=\"fas fa-thumbs-up\"><\/i>\r\n                <\/a>\r\n    <span class=\"pld-like-count-wrap pld-count-wrap\">    <\/span>\r\n<\/div><div class=\"pld-dislike-wrap  pld-common-wrap\">\r\n    <a href=\"javascript:void(0)\" class=\"pld-dislike-trigger pld-like-dislike-trigger  \" title=\"doof\" data-post-id=\"3954\" data-trigger-type=\"dislike\" data-restriction=\"cookie\" data-already-liked=\"0\">\r\n                        <i class=\"fas fa-thumbs-down\"><\/i>\r\n                <\/a>\r\n    <span class=\"pld-dislike-count-wrap pld-count-wrap\"><\/span>\r\n<\/div><\/div>","protected":false},"excerpt":{"rendered":"<p>Di., 23. Jun.15, La Palma, Tag 388, 2.587 sm von HH An unserem letzten Tag mit dem Leihwagen, erleben wir noch eine \u00dcberraschung. Und das, obwohl wir die hochalpine Strecke am Rande der Caldera bereits zweimal gefahren sind. Ein Blick in die Caldera am Roque de los Muchachos Es gibt genau drei Stra\u00dfen auf La [&hellip;]<\/p>\n","protected":false},"author":4,"featured_media":0,"comment_status":"open","ping_status":"closed","sticky":false,"template":"","format":"standard","meta":{"footnotes":""},"categories":[52,36,26],"tags":[],"class_list":["post-3954","post","type-post","status-publish","format-standard","hentry","category-la-palma","category-landausfluege","category-spanien"],"_links":{"self":[{"href":"https:\/\/atanga.de\/index.php?rest_route=\/wp\/v2\/posts\/3954","targetHints":{"allow":["GET"]}}],"collection":[{"href":"https:\/\/atanga.de\/index.php?rest_route=\/wp\/v2\/posts"}],"about":[{"href":"https:\/\/atanga.de\/index.php?rest_route=\/wp\/v2\/types\/post"}],"author":[{"embeddable":true,"href":"https:\/\/atanga.de\/index.php?rest_route=\/wp\/v2\/users\/4"}],"replies":[{"embeddable":true,"href":"https:\/\/atanga.de\/index.php?rest_route=%2Fwp%2Fv2%2Fcomments&post=3954"}],"version-history":[{"count":1,"href":"https:\/\/atanga.de\/index.php?rest_route=\/wp\/v2\/posts\/3954\/revisions"}],"predecessor-version":[{"id":3963,"href":"https:\/\/atanga.de\/index.php?rest_route=\/wp\/v2\/posts\/3954\/revisions\/3963"}],"wp:attachment":[{"href":"https:\/\/atanga.de\/index.php?rest_route=%2Fwp%2Fv2%2Fmedia&parent=3954"}],"wp:term":[{"taxonomy":"category","embeddable":true,"href":"https:\/\/atanga.de\/index.php?rest_route=%2Fwp%2Fv2%2Fcategories&post=3954"},{"taxonomy":"post_tag","embeddable":true,"href":"https:\/\/atanga.de\/index.php?rest_route=%2Fwp%2Fv2%2Ftags&post=3954"}],"curies":[{"name":"wp","href":"https:\/\/api.w.org\/{rel}","templated":true}]}}