{"id":3997,"date":"2015-06-29T19:04:23","date_gmt":"2015-06-29T19:04:23","guid":{"rendered":"http:\/\/atanga.de\/?p=3997"},"modified":"2015-06-29T19:08:13","modified_gmt":"2015-06-29T19:08:13","slug":"die-flagge-der-virgen-de-las-nieves","status":"publish","type":"post","link":"https:\/\/atanga.de\/?p=3997","title":{"rendered":"Die Flagge der Virgen de las Nieves"},"content":{"rendered":"<p>So., 28. Jun.15, La Palma, Tag 393, 2.587 sm von HH<\/p>\n<p>Heute fangen die Feierlichkeiten der Bajada in Santa Cruz erst richtig an. Alles was die letzten Tage stattgefunden hat, war nur m\u00fcdes Vorgepl\u00e4nkel.<\/p>\n<h2><small>Heute ist Beginn der Semana Chica, der kleinen Woche.<\/small><\/h2>\n<p>F\u00fcr uns war das Vorgepl\u00e4nkel sehr angenehm:<br \/>\nDadurch dass die B\u00fchne direkt vor der Marina aufgebaut ist, werden wir fast jeden Abend unterhalten.<br \/>\nMit klassischer Musik, mit Folklore oder einen Schlager-Barden. Der allerdings war ganz furchtbar und wollte gar nicht wieder aufh\u00f6ren zu singen.<\/p>\n<p>Wahlweise findet auch eine White-Moon-Night statt mit f\u00fcnf DJ\u2018s und utz-utz-Musik bis morgens um 5:00 Uhr.<br \/>\nUns st\u00f6rt das nicht. Hinten in der Achterkoje bekommen wir nicht viel mit. Oder Achim greift sich einen Ohrst\u00f6psel.<\/p>\n<p>Wenn wir etwas sehen wollen, brauchen wir nur auf die Terrasse vom Hafen-B\u00fcro zu gehen und haben einen feinen Blick auf das aktuelle Geschehen.<br \/>\nEs gibt n\u00e4mlich auch etwas f\u00fcrs Auge: Freestyle Motocross K\u00fcnstler drehen ihre riskanten Salti.<\/p>\n<p>\uf04a<\/p>\n\n\t\t<style type=\"text\/css\">\n\t\t\t#gallery-1 {\n\t\t\t\tmargin: auto;\n\t\t\t}\n\t\t\t#gallery-1 .gallery-item {\n\t\t\t\tfloat: left;\n\t\t\t\tmargin-top: 10px;\n\t\t\t\ttext-align: center;\n\t\t\t\twidth: 33%;\n\t\t\t}\n\t\t\t#gallery-1 img {\n\t\t\t\tborder: 2px solid #cfcfcf;\n\t\t\t}\n\t\t\t#gallery-1 .gallery-caption {\n\t\t\t\tmargin-left: 0;\n\t\t\t}\n\t\t\t\/* see gallery_shortcode() in wp-includes\/media.php *\/\n\t\t<\/style>\n\t\t<div id='gallery-1' class='gallery galleryid-3997 gallery-columns-3 gallery-size-thumbnail'><dl class='gallery-item'>\n\t\t\t<dt class='gallery-icon landscape'>\n\t\t\t\t<a class=\"boxersandswipers\" title=\"B\u00fchne neben der Marina\" href='https:\/\/atanga.de\/wp-content\/uploads\/2015\/06\/B\u00fchne.jpg'><img decoding=\"async\" width=\"150\" height=\"150\" src=\"https:\/\/atanga.de\/wp-content\/uploads\/2015\/06\/B\u00fchne-150x150.jpg\" class=\"attachment-thumbnail size-thumbnail\" alt=\"B\u00fchne neben der Marina\" aria-describedby=\"gallery-1-4001\" \/><\/a>\n\t\t\t<\/dt>\n\t\t\t\t<dd class='wp-caption-text gallery-caption' id='gallery-1-4001'>\n\t\t\t\tB\u00fchne neben der Marina\n\t\t\t\t<\/dd><\/dl>\n\t\t\t<br style='clear: both' \/>\n\t\t<\/div>\n\n<h2><small>Offiziell beginnt die Bajada Santa Cruz durch Hissen der Flagge<\/small><\/h2>\n<p>Das Banner der Virgen de las Nieves wird nur alle f\u00fcnf Jahre aus dem Schrank geholt. F\u00fcr die Zeit der Bajada weht es hoch \u00fcber der Stadt auf dem Castillo.<br \/>\nZun\u00e4chst wird das Banner aber gesegnet und dann feierlich von der Kirche zur Burg getragen.<\/p>\n<p>Alle m\u00f6chten bei diesem Transport dabei sein. Geistliche und Weltliche m\u00f6chten einmal eine Ecke des \u00fcberdimensionalen Tuches tragen. Einmal anfassen, einmal mit dabei sein.<br \/>\nNur durch viel Selbstdisziplin kann verhindert werden, dass der Lappen in 1.000 St\u00fccke rei\u00dft.<br \/>\nPolizei und Sicherheitskr\u00e4fte passen zus\u00e4tzlich auf.<\/p>\n<p>Als dann unter Kanonensch\u00fcssen das Banner gehisst wird, m\u00fcssen wir uns die Augen reiben.<br \/>\nSah das Tuch, was eben noch getragen wurde, nicht ganz anders aus?<br \/>\nEin Blick auf die Speicherkarte best\u00e4tigt die Annahme.<br \/>\nOb das eine Vorsichtsma\u00dfnahme ist, die jenes Zerrei\u00dfen des kostbaren Originals verhindern soll? Welches Teil wurde nun feierlich gesegnet?<\/p>\n<p>Achim vermutet, dass die F\u00e4lschung ein Briefumschlag ist in dem das Original transportiert wird.<br \/>\nVergr\u00f6\u00dferungen unserer Bilder zerschlagen diese Theorie.<br \/>\nDas gehisste Original war schon auf der Burg, bevor die F\u00e4lschung dorthin getragen wurde. Auch das ist klar auf unseren Bildern zu erkennen.<br \/>\nVielleicht gibt es einen Tunnel in dem das Original unterhalb der Stadt zur Burg gebracht wird?<\/p>\n<p>S\u00e4mtliche Recherchen verlaufen im Nichts.<br \/>\nWei\u00df jemand etwas dar\u00fcber, warum es zwei Banner gibt?<\/p>\n\n\t\t<style type=\"text\/css\">\n\t\t\t#gallery-2 {\n\t\t\t\tmargin: auto;\n\t\t\t}\n\t\t\t#gallery-2 .gallery-item {\n\t\t\t\tfloat: left;\n\t\t\t\tmargin-top: 10px;\n\t\t\t\ttext-align: center;\n\t\t\t\twidth: 33%;\n\t\t\t}\n\t\t\t#gallery-2 img {\n\t\t\t\tborder: 2px solid #cfcfcf;\n\t\t\t}\n\t\t\t#gallery-2 .gallery-caption {\n\t\t\t\tmargin-left: 0;\n\t\t\t}\n\t\t\t\/* see gallery_shortcode() in wp-includes\/media.php *\/\n\t\t<\/style>\n\t\t<div id='gallery-2' class='gallery galleryid-3997 gallery-columns-3 gallery-size-thumbnail'><dl class='gallery-item'>\n\t\t\t<dt class='gallery-icon landscape'>\n\t\t\t\t<a class=\"boxersandswipers\" title=\"banner\" href='https:\/\/atanga.de\/wp-content\/uploads\/2015\/06\/banner.jpg'><img decoding=\"async\" width=\"150\" height=\"150\" src=\"https:\/\/atanga.de\/wp-content\/uploads\/2015\/06\/banner-150x150.jpg\" class=\"attachment-thumbnail size-thumbnail\" alt=\"Zerrei\u00dfprobe f\u00fcr\" aria-describedby=\"gallery-2-3998\" \/><\/a>\n\t\t\t<\/dt>\n\t\t\t\t<dd class='wp-caption-text gallery-caption' id='gallery-2-3998'>\n\t\t\t\tZerrei\u00dfprobe f\u00fcr\n\t\t\t\t<\/dd><\/dl><dl class='gallery-item'>\n\t\t\t<dt class='gallery-icon landscape'>\n\t\t\t\t<a class=\"boxersandswipers\" title=\"die F\u00e4lschung (?)\" href='https:\/\/atanga.de\/wp-content\/uploads\/2015\/06\/banner-2.jpg'><img decoding=\"async\" width=\"150\" height=\"150\" src=\"https:\/\/atanga.de\/wp-content\/uploads\/2015\/06\/banner-2-150x150.jpg\" class=\"attachment-thumbnail size-thumbnail\" alt=\"die F\u00e4lschung (?)\" aria-describedby=\"gallery-2-3999\" \/><\/a>\n\t\t\t<\/dt>\n\t\t\t\t<dd class='wp-caption-text gallery-caption' id='gallery-2-3999'>\n\t\t\t\tdie F\u00e4lschung (?)\n\t\t\t\t<\/dd><\/dl><dl class='gallery-item'>\n\t\t\t<dt class='gallery-icon portrait'>\n\t\t\t\t<a class=\"boxersandswipers\" title=\"Ist dies das Original?\" href='https:\/\/atanga.de\/wp-content\/uploads\/2015\/06\/banner-3.jpg'><img decoding=\"async\" width=\"150\" height=\"150\" src=\"https:\/\/atanga.de\/wp-content\/uploads\/2015\/06\/banner-3-150x150.jpg\" class=\"attachment-thumbnail size-thumbnail\" alt=\"Ist dies das Original?\" aria-describedby=\"gallery-2-4000\" \/><\/a>\n\t\t\t<\/dt>\n\t\t\t\t<dd class='wp-caption-text gallery-caption' id='gallery-2-4000'>\n\t\t\t\tIst dies das Original?\n\t\t\t\t<\/dd><\/dl><br style=\"clear: both\" \/>\n\t\t<\/div>\n\n<div class=\"pld-like-dislike-wrap pld-template-1\">\r\n    <div class=\"pld-like-wrap  pld-common-wrap\">\r\n    <a href=\"javascript:void(0)\" class=\"pld-like-trigger pld-like-dislike-trigger  \" title=\"gef\u00e4llt mir\" data-post-id=\"3997\" data-trigger-type=\"like\" data-restriction=\"cookie\" data-already-liked=\"0\">\r\n                        <i class=\"fas fa-thumbs-up\"><\/i>\r\n                <\/a>\r\n    <span class=\"pld-like-count-wrap pld-count-wrap\">    <\/span>\r\n<\/div><div class=\"pld-dislike-wrap  pld-common-wrap\">\r\n    <a href=\"javascript:void(0)\" class=\"pld-dislike-trigger pld-like-dislike-trigger  \" title=\"doof\" data-post-id=\"3997\" data-trigger-type=\"dislike\" data-restriction=\"cookie\" data-already-liked=\"0\">\r\n                        <i class=\"fas fa-thumbs-down\"><\/i>\r\n                <\/a>\r\n    <span class=\"pld-dislike-count-wrap pld-count-wrap\"><\/span>\r\n<\/div><\/div>","protected":false},"excerpt":{"rendered":"<p>So., 28. Jun.15, La Palma, Tag 393, 2.587 sm von HH Heute fangen die Feierlichkeiten der Bajada in Santa Cruz erst richtig an. Alles was die letzten Tage stattgefunden hat, war nur m\u00fcdes Vorgepl\u00e4nkel. Heute ist Beginn der Semana Chica, der kleinen Woche. F\u00fcr uns war das Vorgepl\u00e4nkel sehr angenehm: Dadurch dass die B\u00fchne direkt [&hellip;]<\/p>\n","protected":false},"author":4,"featured_media":0,"comment_status":"open","ping_status":"closed","sticky":false,"template":"","format":"standard","meta":{"footnotes":""},"categories":[52,36,26],"tags":[],"class_list":["post-3997","post","type-post","status-publish","format-standard","hentry","category-la-palma","category-landausfluege","category-spanien"],"_links":{"self":[{"href":"https:\/\/atanga.de\/index.php?rest_route=\/wp\/v2\/posts\/3997","targetHints":{"allow":["GET"]}}],"collection":[{"href":"https:\/\/atanga.de\/index.php?rest_route=\/wp\/v2\/posts"}],"about":[{"href":"https:\/\/atanga.de\/index.php?rest_route=\/wp\/v2\/types\/post"}],"author":[{"embeddable":true,"href":"https:\/\/atanga.de\/index.php?rest_route=\/wp\/v2\/users\/4"}],"replies":[{"embeddable":true,"href":"https:\/\/atanga.de\/index.php?rest_route=%2Fwp%2Fv2%2Fcomments&post=3997"}],"version-history":[{"count":2,"href":"https:\/\/atanga.de\/index.php?rest_route=\/wp\/v2\/posts\/3997\/revisions"}],"predecessor-version":[{"id":4004,"href":"https:\/\/atanga.de\/index.php?rest_route=\/wp\/v2\/posts\/3997\/revisions\/4004"}],"wp:attachment":[{"href":"https:\/\/atanga.de\/index.php?rest_route=%2Fwp%2Fv2%2Fmedia&parent=3997"}],"wp:term":[{"taxonomy":"category","embeddable":true,"href":"https:\/\/atanga.de\/index.php?rest_route=%2Fwp%2Fv2%2Fcategories&post=3997"},{"taxonomy":"post_tag","embeddable":true,"href":"https:\/\/atanga.de\/index.php?rest_route=%2Fwp%2Fv2%2Ftags&post=3997"}],"curies":[{"name":"wp","href":"https:\/\/api.w.org\/{rel}","templated":true}]}}