{"id":4045,"date":"2015-07-05T14:29:13","date_gmt":"2015-07-05T13:29:13","guid":{"rendered":"http:\/\/atanga.de\/?p=4045"},"modified":"2015-07-15T20:36:36","modified_gmt":"2015-07-15T20:36:36","slug":"horst-horstiger-bine-oder-mi-guia-es-un-desastre","status":"publish","type":"post","link":"https:\/\/atanga.de\/?p=4045","title":{"rendered":"Horst, horstiger, Bine oder &#8230;mi gu\u00eda es un desastre"},"content":{"rendered":"<p><em>So., 05. Jul.15, La Palma, Tag 400, 2.587 sm von HH<br \/>\n<\/em><br \/>\nDer Thron der guten Virgen de Las Nieves ist ja nun schon vor gut einer Woche von Las Nieves nach Santa Cruz gebracht worden.<br \/>\nNach gr\u00fcndlicher Recherche kam Bine zu dem Schluss, dass das Fr\u00e4ulein am heutigen Sonntag ebenfalls den Weg ins Tal finden sollte.<\/p>\n<p>F\u00fcr heute stand also relativ fr\u00fches Aufstehen auf dem Programm, um die Prozession aus der N\u00e4he zu betrachten. Nachdem wir die Marina verlassen hatten und durch die Stadt gingen fiel uns zwar auf, dass eigentlich nichts vorbereitet war.<br \/>\nWas soll\u00b4s, dachten wir und entschieden, dem Zug weiter entgegen zu gehen.<br \/>\nSelbst auf dem Weg nach Las Nieves war nichts zu sehen. Keine Autos der 80.000 Pilger und auch keine Menschen. Wir marschierten trotzdem weiter \u2026den ganzen Weg bis Las Nieves.<br \/>\nIm Ort angekommen betraten wir etwas irritiert Kirche und dort sa\u00df die gar nicht reisefertige Jungfrau auf ihrem Thron.<br \/>\nIch glaube, dass sie sich einen gekniggert hat, als sie uns reinkommen sah. <img src=\"https:\/\/atanga.de\/wp-content\/plugins\/classic-smilies\/img\/icon_wink.gif\" alt=\";-)\" class=\"wp-smiley\" style=\"height: 1em; max-height: 1em;\" \/><\/p>\n<p>Nachdem wir wieder in Santa Cruz angekommen waren, betrachteten wir das Plakat der Bajada\u00a0 Feierlichkeiten noch einmal und dort stand es dann auch\u2026.sie kommt erst am 12 Juli.<br \/>\n10 Km Wanderung (davon die H\u00e4lfte bergauf), in der Mittagszeit, unter der sengenden Sonne Spaniens und alles f\u00fcr die Katz. <img src=\"https:\/\/atanga.de\/wp-content\/plugins\/classic-smilies\/img\/icon_evil.gif\" alt=\":evil:\" class=\"wp-smiley\" style=\"height: 1em; max-height: 1em;\" \/><\/p>\n<div class=\"pld-like-dislike-wrap pld-template-1\">\r\n    <div class=\"pld-like-wrap  pld-common-wrap\">\r\n    <a href=\"javascript:void(0)\" class=\"pld-like-trigger pld-like-dislike-trigger  \" title=\"gef\u00e4llt mir\" data-post-id=\"4045\" data-trigger-type=\"like\" data-restriction=\"cookie\" data-already-liked=\"0\">\r\n                        <i class=\"fas fa-thumbs-up\"><\/i>\r\n                <\/a>\r\n    <span class=\"pld-like-count-wrap pld-count-wrap\">    <\/span>\r\n<\/div><div class=\"pld-dislike-wrap  pld-common-wrap\">\r\n    <a href=\"javascript:void(0)\" class=\"pld-dislike-trigger pld-like-dislike-trigger  \" title=\"doof\" data-post-id=\"4045\" data-trigger-type=\"dislike\" data-restriction=\"cookie\" data-already-liked=\"0\">\r\n                        <i class=\"fas fa-thumbs-down\"><\/i>\r\n                <\/a>\r\n    <span class=\"pld-dislike-count-wrap pld-count-wrap\"><\/span>\r\n<\/div><\/div>","protected":false},"excerpt":{"rendered":"<p>So., 05. Jul.15, La Palma, Tag 400, 2.587 sm von HH Der Thron der guten Virgen de Las Nieves ist ja nun schon vor gut einer Woche von Las Nieves nach Santa Cruz gebracht worden. Nach gr\u00fcndlicher Recherche kam Bine zu dem Schluss, dass das Fr\u00e4ulein am heutigen Sonntag ebenfalls den Weg ins Tal finden [&hellip;]<\/p>\n","protected":false},"author":3,"featured_media":0,"comment_status":"open","ping_status":"closed","sticky":false,"template":"","format":"standard","meta":{"footnotes":""},"categories":[52,26,45],"tags":[],"class_list":["post-4045","post","type-post","status-publish","format-standard","hentry","category-la-palma","category-spanien","category-allgemein"],"_links":{"self":[{"href":"https:\/\/atanga.de\/index.php?rest_route=\/wp\/v2\/posts\/4045","targetHints":{"allow":["GET"]}}],"collection":[{"href":"https:\/\/atanga.de\/index.php?rest_route=\/wp\/v2\/posts"}],"about":[{"href":"https:\/\/atanga.de\/index.php?rest_route=\/wp\/v2\/types\/post"}],"author":[{"embeddable":true,"href":"https:\/\/atanga.de\/index.php?rest_route=\/wp\/v2\/users\/3"}],"replies":[{"embeddable":true,"href":"https:\/\/atanga.de\/index.php?rest_route=%2Fwp%2Fv2%2Fcomments&post=4045"}],"version-history":[{"count":7,"href":"https:\/\/atanga.de\/index.php?rest_route=\/wp\/v2\/posts\/4045\/revisions"}],"predecessor-version":[{"id":4161,"href":"https:\/\/atanga.de\/index.php?rest_route=\/wp\/v2\/posts\/4045\/revisions\/4161"}],"wp:attachment":[{"href":"https:\/\/atanga.de\/index.php?rest_route=%2Fwp%2Fv2%2Fmedia&parent=4045"}],"wp:term":[{"taxonomy":"category","embeddable":true,"href":"https:\/\/atanga.de\/index.php?rest_route=%2Fwp%2Fv2%2Fcategories&post=4045"},{"taxonomy":"post_tag","embeddable":true,"href":"https:\/\/atanga.de\/index.php?rest_route=%2Fwp%2Fv2%2Ftags&post=4045"}],"curies":[{"name":"wp","href":"https:\/\/api.w.org\/{rel}","templated":true}]}}