{"id":4094,"date":"2015-07-11T20:10:37","date_gmt":"2015-07-11T20:10:37","guid":{"rendered":"http:\/\/atanga.de\/?p=4094"},"modified":"2015-07-15T20:33:47","modified_gmt":"2015-07-15T20:33:47","slug":"menuett-ganz-nett","status":"publish","type":"post","link":"https:\/\/atanga.de\/?p=4094","title":{"rendered":"Menuett &#8211; ganz nett"},"content":{"rendered":"<p><span class=\"st\"><em>Mi., 08. Jul.15, La Palma, Tag 403, 2.587 sm<\/em><\/span><\/p>\n<p>Als einer der Top-Acts unter den Bajada-Veranstaltungen gilt<\/p>\n<h2><small>Danza de Minu\u00e9<\/small><\/h2>\n<p>Es handelt sich um eine Tanzveranstaltung in den ausschweifenden Rokoko-Kost\u00fcmen und gepuderten Per\u00fccken des 18. Jahrhunderts. Dieser Tanz ist seit den 40er Jahren ein fester Bestandteil der Bajada.<\/p>\n<p>Es gibt zwei Vorstellungen am Abend. Beide sind ausverkauft und auf unserer Marina-Terrasse stehen die Schaulustigen dicht gedr\u00e4ngt. Aber ebenso gedr\u00e4ngt wie die Leute an der Balustrade stehen, desto schnell verlieren sie auch das Interesse und machen den Blick frei. Auch wir sind nur m\u00e4\u00dfig begeistert, um es charmant zu formulieren.<\/p>\n<p>Die trippelnden Tanzschritte der 25 Paare sind f\u00fcr uns langweilig. Wir erkennen keine Choreographie oder Geschichte. Au\u00dferdem ist von der Musik, ein Menuett aus dem Jahre 1980, auf unserem Platz nicht viel zu h\u00f6ren. Somit machen wir es den Spaniern gleich und ziehen bald von dannen.<\/p>\n\n\t\t<style type=\"text\/css\">\n\t\t\t#gallery-1 {\n\t\t\t\tmargin: auto;\n\t\t\t}\n\t\t\t#gallery-1 .gallery-item {\n\t\t\t\tfloat: left;\n\t\t\t\tmargin-top: 10px;\n\t\t\t\ttext-align: center;\n\t\t\t\twidth: 33%;\n\t\t\t}\n\t\t\t#gallery-1 img {\n\t\t\t\tborder: 2px solid #cfcfcf;\n\t\t\t}\n\t\t\t#gallery-1 .gallery-caption {\n\t\t\t\tmargin-left: 0;\n\t\t\t}\n\t\t\t\/* see gallery_shortcode() in wp-includes\/media.php *\/\n\t\t<\/style>\n\t\t<div id='gallery-1' class='gallery galleryid-4094 gallery-columns-3 gallery-size-thumbnail'><dl class='gallery-item'>\n\t\t\t<dt class='gallery-icon portrait'>\n\t\t\t\t<a class=\"boxersandswipers\" title=\"Rokoko\" href='https:\/\/atanga.de\/wp-content\/uploads\/2015\/07\/Menuett.jpg'><img decoding=\"async\" width=\"150\" height=\"150\" src=\"https:\/\/atanga.de\/wp-content\/uploads\/2015\/07\/Menuett-150x150.jpg\" class=\"attachment-thumbnail size-thumbnail\" alt=\"Rokoko\" aria-describedby=\"gallery-1-4095\" \/><\/a>\n\t\t\t<\/dt>\n\t\t\t\t<dd class='wp-caption-text gallery-caption' id='gallery-1-4095'>\n\t\t\t\tRokoko\n\t\t\t\t<\/dd><\/dl><dl class='gallery-item'>\n\t\t\t<dt class='gallery-icon landscape'>\n\t\t\t\t<a class=\"boxersandswipers\" title=\"Menuett\" href='https:\/\/atanga.de\/wp-content\/uploads\/2015\/07\/Menuett-2.jpg'><img decoding=\"async\" width=\"150\" height=\"150\" src=\"https:\/\/atanga.de\/wp-content\/uploads\/2015\/07\/Menuett-2-150x150.jpg\" class=\"attachment-thumbnail size-thumbnail\" alt=\"Menuett\" aria-describedby=\"gallery-1-4096\" \/><\/a>\n\t\t\t<\/dt>\n\t\t\t\t<dd class='wp-caption-text gallery-caption' id='gallery-1-4096'>\n\t\t\t\tMenuett\n\t\t\t\t<\/dd><\/dl>\n\t\t\t<br style='clear: both' \/>\n\t\t<\/div>\n\n<div class=\"pld-like-dislike-wrap pld-template-1\">\r\n    <div class=\"pld-like-wrap  pld-common-wrap\">\r\n    <a href=\"javascript:void(0)\" class=\"pld-like-trigger pld-like-dislike-trigger  \" title=\"gef\u00e4llt mir\" data-post-id=\"4094\" data-trigger-type=\"like\" data-restriction=\"cookie\" data-already-liked=\"0\">\r\n                        <i class=\"fas fa-thumbs-up\"><\/i>\r\n                <\/a>\r\n    <span class=\"pld-like-count-wrap pld-count-wrap\">    <\/span>\r\n<\/div><div class=\"pld-dislike-wrap  pld-common-wrap\">\r\n    <a href=\"javascript:void(0)\" class=\"pld-dislike-trigger pld-like-dislike-trigger  \" title=\"doof\" data-post-id=\"4094\" data-trigger-type=\"dislike\" data-restriction=\"cookie\" data-already-liked=\"0\">\r\n                        <i class=\"fas fa-thumbs-down\"><\/i>\r\n                <\/a>\r\n    <span class=\"pld-dislike-count-wrap pld-count-wrap\"><\/span>\r\n<\/div><\/div>","protected":false},"excerpt":{"rendered":"<p>Mi., 08. Jul.15, La Palma, Tag 403, 2.587 sm Als einer der Top-Acts unter den Bajada-Veranstaltungen gilt Danza de Minu\u00e9 Es handelt sich um eine Tanzveranstaltung in den ausschweifenden Rokoko-Kost\u00fcmen und gepuderten Per\u00fccken des 18. Jahrhunderts. Dieser Tanz ist seit den 40er Jahren ein fester Bestandteil der Bajada. Es gibt zwei Vorstellungen am Abend. Beide [&hellip;]<\/p>\n","protected":false},"author":4,"featured_media":0,"comment_status":"open","ping_status":"closed","sticky":false,"template":"","format":"standard","meta":{"footnotes":""},"categories":[52,36,26],"tags":[],"class_list":["post-4094","post","type-post","status-publish","format-standard","hentry","category-la-palma","category-landausfluege","category-spanien"],"_links":{"self":[{"href":"https:\/\/atanga.de\/index.php?rest_route=\/wp\/v2\/posts\/4094","targetHints":{"allow":["GET"]}}],"collection":[{"href":"https:\/\/atanga.de\/index.php?rest_route=\/wp\/v2\/posts"}],"about":[{"href":"https:\/\/atanga.de\/index.php?rest_route=\/wp\/v2\/types\/post"}],"author":[{"embeddable":true,"href":"https:\/\/atanga.de\/index.php?rest_route=\/wp\/v2\/users\/4"}],"replies":[{"embeddable":true,"href":"https:\/\/atanga.de\/index.php?rest_route=%2Fwp%2Fv2%2Fcomments&post=4094"}],"version-history":[{"count":2,"href":"https:\/\/atanga.de\/index.php?rest_route=\/wp\/v2\/posts\/4094\/revisions"}],"predecessor-version":[{"id":4158,"href":"https:\/\/atanga.de\/index.php?rest_route=\/wp\/v2\/posts\/4094\/revisions\/4158"}],"wp:attachment":[{"href":"https:\/\/atanga.de\/index.php?rest_route=%2Fwp%2Fv2%2Fmedia&parent=4094"}],"wp:term":[{"taxonomy":"category","embeddable":true,"href":"https:\/\/atanga.de\/index.php?rest_route=%2Fwp%2Fv2%2Fcategories&post=4094"},{"taxonomy":"post_tag","embeddable":true,"href":"https:\/\/atanga.de\/index.php?rest_route=%2Fwp%2Fv2%2Ftags&post=4094"}],"curies":[{"name":"wp","href":"https:\/\/api.w.org\/{rel}","templated":true}]}}