{"id":4191,"date":"2015-07-17T20:14:33","date_gmt":"2015-07-17T20:14:33","guid":{"rendered":"http:\/\/atanga.de\/?p=4191"},"modified":"2015-07-17T20:15:00","modified_gmt":"2015-07-17T20:15:00","slug":"wir-fahren-nach-tazacorte","status":"publish","type":"post","link":"https:\/\/atanga.de\/?p=4191","title":{"rendered":"Wir fahren nach Tazacorte\u2026"},"content":{"rendered":"<p><span class=\"st\"><em>Do., 16. Jul.18, La Palma, Tag 411, 2.587 sm<\/em><\/span><\/p>\n<p>\u2026nimm di nix v\u00f6r, dann sleit di nix fehl\u2026 alte Hamburger Binsenweisheit. Die sich heute allerdings bewahrheitet.<\/p>\n<h2><small>Wir fahren nicht nach Tazacorte<\/small><\/h2>\n<p>Wir sind mit dem Mietauto bereits durch Tazacorte gekommen.<br \/>\nDer Ort ist ein gutes St\u00fcck vom Hafen auf der Westseite entfernt und wir hatten damals nur einen kurzen Stopp dort eingelegt.<br \/>\nWir finden, dass der Bananen-Ort einen weiteren Besuch wert sein k\u00f6nnte. Leben die Einwohner von Tazacorte doch geradezu in einer riesigen Bananen-Plantage. Jede Baul\u00fccke ist mit Bananen bepflanzt. Herrschaftliche imposante Villen der Bananen-Bosse stehen mitten drin.<\/p>\n\n\t\t<style type=\"text\/css\">\n\t\t\t#gallery-1 {\n\t\t\t\tmargin: auto;\n\t\t\t}\n\t\t\t#gallery-1 .gallery-item {\n\t\t\t\tfloat: left;\n\t\t\t\tmargin-top: 10px;\n\t\t\t\ttext-align: center;\n\t\t\t\twidth: 33%;\n\t\t\t}\n\t\t\t#gallery-1 img {\n\t\t\t\tborder: 2px solid #cfcfcf;\n\t\t\t}\n\t\t\t#gallery-1 .gallery-caption {\n\t\t\t\tmargin-left: 0;\n\t\t\t}\n\t\t\t\/* see gallery_shortcode() in wp-includes\/media.php *\/\n\t\t<\/style>\n\t\t<div id='gallery-1' class='gallery galleryid-4191 gallery-columns-3 gallery-size-thumbnail'><dl class='gallery-item'>\n\t\t\t<dt class='gallery-icon landscape'>\n\t\t\t\t<a class=\"boxersandswipers\" title=\"Bananenstadt Tazacorte\" href='https:\/\/atanga.de\/wp-content\/uploads\/2015\/07\/Tazi-ban-2.jpg'><img decoding=\"async\" width=\"150\" height=\"150\" src=\"https:\/\/atanga.de\/wp-content\/uploads\/2015\/07\/Tazi-ban-2-150x150.jpg\" class=\"attachment-thumbnail size-thumbnail\" alt=\"Bananenstadt Tazacorte\" aria-describedby=\"gallery-1-4194\" \/><\/a>\n\t\t\t<\/dt>\n\t\t\t\t<dd class='wp-caption-text gallery-caption' id='gallery-1-4194'>\n\t\t\t\tBananenstadt Tazacorte \n\t\t\t\t<\/dd><\/dl><dl class='gallery-item'>\n\t\t\t<dt class='gallery-icon landscape'>\n\t\t\t\t<a class=\"boxersandswipers\" title=\"Bananen in jeder L\u00fccke\" href='https:\/\/atanga.de\/wp-content\/uploads\/2015\/07\/Tazi-ban.jpg'><img decoding=\"async\" width=\"150\" height=\"150\" src=\"https:\/\/atanga.de\/wp-content\/uploads\/2015\/07\/Tazi-ban-150x150.jpg\" class=\"attachment-thumbnail size-thumbnail\" alt=\"Bananen in jeder L\u00fccke\" aria-describedby=\"gallery-1-4195\" \/><\/a>\n\t\t\t<\/dt>\n\t\t\t\t<dd class='wp-caption-text gallery-caption' id='gallery-1-4195'>\n\t\t\t\tBananen in jeder L\u00fccke\n\t\t\t\t<\/dd><\/dl>\n\t\t\t<br style='clear: both' \/>\n\t\t<\/div>\n\n<p>Neben der Kirche wartet eine sch\u00f6n gekachelte Pergola auf Besucher. Also alles noch einen Ausflug wert.<\/p>\n\n\t\t<style type=\"text\/css\">\n\t\t\t#gallery-2 {\n\t\t\t\tmargin: auto;\n\t\t\t}\n\t\t\t#gallery-2 .gallery-item {\n\t\t\t\tfloat: left;\n\t\t\t\tmargin-top: 10px;\n\t\t\t\ttext-align: center;\n\t\t\t\twidth: 33%;\n\t\t\t}\n\t\t\t#gallery-2 img {\n\t\t\t\tborder: 2px solid #cfcfcf;\n\t\t\t}\n\t\t\t#gallery-2 .gallery-caption {\n\t\t\t\tmargin-left: 0;\n\t\t\t}\n\t\t\t\/* see gallery_shortcode() in wp-includes\/media.php *\/\n\t\t<\/style>\n\t\t<div id='gallery-2' class='gallery galleryid-4191 gallery-columns-3 gallery-size-thumbnail'><dl class='gallery-item'>\n\t\t\t<dt class='gallery-icon landscape'>\n\t\t\t\t<a class=\"boxersandswipers\" title=\"Wundersch\u00f6ne Pergola\" href='https:\/\/atanga.de\/wp-content\/uploads\/2015\/07\/Tazi-Pergola.jpg'><img decoding=\"async\" width=\"150\" height=\"150\" src=\"https:\/\/atanga.de\/wp-content\/uploads\/2015\/07\/Tazi-Pergola-150x150.jpg\" class=\"attachment-thumbnail size-thumbnail\" alt=\"Wundersch\u00f6ne Pergola\" aria-describedby=\"gallery-2-4197\" \/><\/a>\n\t\t\t<\/dt>\n\t\t\t\t<dd class='wp-caption-text gallery-caption' id='gallery-2-4197'>\n\t\t\t\tWundersch\u00f6ne Pergola\n\t\t\t\t<\/dd><\/dl><dl class='gallery-item'>\n\t\t\t<dt class='gallery-icon landscape'>\n\t\t\t\t<a class=\"boxersandswipers\" title=\"in Tazacorte\" href='https:\/\/atanga.de\/wp-content\/uploads\/2015\/07\/Tazi-Pergola-2.jpg'><img decoding=\"async\" width=\"150\" height=\"150\" src=\"https:\/\/atanga.de\/wp-content\/uploads\/2015\/07\/Tazi-Pergola-2-150x150.jpg\" class=\"attachment-thumbnail size-thumbnail\" alt=\"in Tazacorte\" aria-describedby=\"gallery-2-4196\" \/><\/a>\n\t\t\t<\/dt>\n\t\t\t\t<dd class='wp-caption-text gallery-caption' id='gallery-2-4196'>\n\t\t\t\tin Tazacorte\n\t\t\t\t<\/dd><\/dl>\n\t\t\t<br style='clear: both' \/>\n\t\t<\/div>\n\n<p>Aber heute erleben wir das erste Mal einen wenig hilfsbereiten Canario:<br \/>\nEs gibt nur einen direkten Bus nach Tazacorte. Dieser klappert allerdings die gesamt Nordinsel ab und wir w\u00e4ren Stunden unterwegs. Ein anderer Bus f\u00e4hrt \u00fcber Los Llanos und dort man muss umsteigen.<br \/>\nDen Fahrer dieses Busses fragen wir, ob sein Bus der Richtige nach Tazacorte sei.<br \/>\nUnd was antwortet die Krampe? Nein, sagt er.<br \/>\nInhaltlich ist das zwar korrekt, weil er ja nur bis Los Llanos f\u00e4hrt. Aber er h\u00e4tte sich ja auch denken k\u00f6nnen, dass wir nicht den Bummel-Bus nehmen wollen. Hat er aber nicht\u2026<br \/>\nAls wir merken, dass er uns verladen hat, haben wir keine Lust mehr auf den n\u00e4chsten Bus zu warten.<\/p>\n<p>Nun sind wir aber fr\u00fch auf den Beinen und stadtfein gemacht.<br \/>\nKurzentschlossen besuchen wir also ein paar unbekannte Ecken von Santa Cruz. Ein Friedhofsbesuch auf La Palma steht noch aus und wird jetzt nachgeholt.<\/p>\n<p>Es ist ein recht gro\u00dfer, verwinkelter Friedhof mit einer sehr ungleichm\u00e4\u00dfigen Verteilung von Platz. Normale Gr\u00e4ber sind auf einem schmucklosen Feld gro\u00dfz\u00fcgig, ja willk\u00fcrlich, verteilt. W\u00e4hrend die Nischen-Gr\u00e4ber so eng stehen, wie nirgends zuvor gesehen.<br \/>\nZwischen den beiden Reihen kann man fast nicht zwischen durch gehen ohne die Blumen herunter zu rei\u00dfen.<br \/>\nDas fehlte auch noch\u2026das w\u00e4re ja ultra peinlich und gar nicht gut zu erkl\u00e4ren. <img src=\"https:\/\/atanga.de\/wp-content\/plugins\/classic-smilies\/img\/icon_mrgreen.gif\" alt=\":mrgreen:\" class=\"wp-smiley\" style=\"height: 1em; max-height: 1em;\" \/><\/p>\n\n\t\t<style type=\"text\/css\">\n\t\t\t#gallery-3 {\n\t\t\t\tmargin: auto;\n\t\t\t}\n\t\t\t#gallery-3 .gallery-item {\n\t\t\t\tfloat: left;\n\t\t\t\tmargin-top: 10px;\n\t\t\t\ttext-align: center;\n\t\t\t\twidth: 33%;\n\t\t\t}\n\t\t\t#gallery-3 img {\n\t\t\t\tborder: 2px solid #cfcfcf;\n\t\t\t}\n\t\t\t#gallery-3 .gallery-caption {\n\t\t\t\tmargin-left: 0;\n\t\t\t}\n\t\t\t\/* see gallery_shortcode() in wp-includes\/media.php *\/\n\t\t<\/style>\n\t\t<div id='gallery-3' class='gallery galleryid-4191 gallery-columns-3 gallery-size-thumbnail'><dl class='gallery-item'>\n\t\t\t<dt class='gallery-icon landscape'>\n\t\t\t\t<a class=\"boxersandswipers\" title=\"Dichte Bebauung\" href='https:\/\/atanga.de\/wp-content\/uploads\/2015\/07\/Fried-2.jpg'><img decoding=\"async\" width=\"150\" height=\"150\" src=\"https:\/\/atanga.de\/wp-content\/uploads\/2015\/07\/Fried-2-150x150.jpg\" class=\"attachment-thumbnail size-thumbnail\" alt=\"Dichte Bebauung\" aria-describedby=\"gallery-3-4192\" \/><\/a>\n\t\t\t<\/dt>\n\t\t\t\t<dd class='wp-caption-text gallery-caption' id='gallery-3-4192'>\n\t\t\t\tDichte Bebauung\n\t\t\t\t<\/dd><\/dl><dl class='gallery-item'>\n\t\t\t<dt class='gallery-icon landscape'>\n\t\t\t\t<a class=\"boxersandswipers\" title=\"Auch irgendwie untypisch\" href='https:\/\/atanga.de\/wp-content\/uploads\/2015\/07\/Fried.jpg'><img decoding=\"async\" width=\"150\" height=\"150\" src=\"https:\/\/atanga.de\/wp-content\/uploads\/2015\/07\/Fried-150x150.jpg\" class=\"attachment-thumbnail size-thumbnail\" alt=\"Auch irgendwie untypisch\" aria-describedby=\"gallery-3-4193\" \/><\/a>\n\t\t\t<\/dt>\n\t\t\t\t<dd class='wp-caption-text gallery-caption' id='gallery-3-4193'>\n\t\t\t\tAuch irgendwie untypisch\n\t\t\t\t<\/dd><\/dl>\n\t\t\t<br style='clear: both' \/>\n\t\t<\/div>\n\n<p>In Santa Cruz tummeln sich noch immer die Bajada-Besucher und so g\u00f6nnen wir uns ein Eis und schauen dem Treiben der anderen Besucher zu. Somit bekommt unser verkorkster Ausflug noch eine sch\u00f6ne Wendung.<\/p>\n<div class=\"pld-like-dislike-wrap pld-template-1\">\r\n    <div class=\"pld-like-wrap  pld-common-wrap\">\r\n    <a href=\"javascript:void(0)\" class=\"pld-like-trigger pld-like-dislike-trigger  \" title=\"gef\u00e4llt mir\" data-post-id=\"4191\" data-trigger-type=\"like\" data-restriction=\"cookie\" data-already-liked=\"0\">\r\n                        <i class=\"fas fa-thumbs-up\"><\/i>\r\n                <\/a>\r\n    <span class=\"pld-like-count-wrap pld-count-wrap\">    <\/span>\r\n<\/div><div class=\"pld-dislike-wrap  pld-common-wrap\">\r\n    <a href=\"javascript:void(0)\" class=\"pld-dislike-trigger pld-like-dislike-trigger  \" title=\"doof\" data-post-id=\"4191\" data-trigger-type=\"dislike\" data-restriction=\"cookie\" data-already-liked=\"0\">\r\n                        <i class=\"fas fa-thumbs-down\"><\/i>\r\n                <\/a>\r\n    <span class=\"pld-dislike-count-wrap pld-count-wrap\"><\/span>\r\n<\/div><\/div>","protected":false},"excerpt":{"rendered":"<p>Do., 16. Jul.18, La Palma, Tag 411, 2.587 sm \u2026nimm di nix v\u00f6r, dann sleit di nix fehl\u2026 alte Hamburger Binsenweisheit. Die sich heute allerdings bewahrheitet. Wir fahren nicht nach Tazacorte Wir sind mit dem Mietauto bereits durch Tazacorte gekommen. Der Ort ist ein gutes St\u00fcck vom Hafen auf der Westseite entfernt und wir hatten [&hellip;]<\/p>\n","protected":false},"author":4,"featured_media":0,"comment_status":"open","ping_status":"closed","sticky":false,"template":"","format":"standard","meta":{"footnotes":""},"categories":[52,36,26],"tags":[],"class_list":["post-4191","post","type-post","status-publish","format-standard","hentry","category-la-palma","category-landausfluege","category-spanien"],"_links":{"self":[{"href":"https:\/\/atanga.de\/index.php?rest_route=\/wp\/v2\/posts\/4191","targetHints":{"allow":["GET"]}}],"collection":[{"href":"https:\/\/atanga.de\/index.php?rest_route=\/wp\/v2\/posts"}],"about":[{"href":"https:\/\/atanga.de\/index.php?rest_route=\/wp\/v2\/types\/post"}],"author":[{"embeddable":true,"href":"https:\/\/atanga.de\/index.php?rest_route=\/wp\/v2\/users\/4"}],"replies":[{"embeddable":true,"href":"https:\/\/atanga.de\/index.php?rest_route=%2Fwp%2Fv2%2Fcomments&post=4191"}],"version-history":[{"count":2,"href":"https:\/\/atanga.de\/index.php?rest_route=\/wp\/v2\/posts\/4191\/revisions"}],"predecessor-version":[{"id":4199,"href":"https:\/\/atanga.de\/index.php?rest_route=\/wp\/v2\/posts\/4191\/revisions\/4199"}],"wp:attachment":[{"href":"https:\/\/atanga.de\/index.php?rest_route=%2Fwp%2Fv2%2Fmedia&parent=4191"}],"wp:term":[{"taxonomy":"category","embeddable":true,"href":"https:\/\/atanga.de\/index.php?rest_route=%2Fwp%2Fv2%2Fcategories&post=4191"},{"taxonomy":"post_tag","embeddable":true,"href":"https:\/\/atanga.de\/index.php?rest_route=%2Fwp%2Fv2%2Ftags&post=4191"}],"curies":[{"name":"wp","href":"https:\/\/api.w.org\/{rel}","templated":true}]}}