{"id":4210,"date":"2015-07-23T19:31:07","date_gmt":"2015-07-23T19:31:07","guid":{"rendered":"http:\/\/atanga.de\/?p=4210"},"modified":"2015-08-04T16:24:59","modified_gmt":"2015-08-04T16:24:59","slug":"segeln-zum-abgewoehnen","status":"publish","type":"post","link":"https:\/\/atanga.de\/?p=4210","title":{"rendered":"Segeln zum Abgew\u00f6hnen"},"content":{"rendered":"<p><span class=\"st\"><em>Mo\/Di., 20.\/21. Jul.18, Gran Canaria, Tag 415\/6, 2.728 sm<\/em><\/span><\/p>\n<p>Wie erwartet ist es total windstill als wir um 6:00 Uhr ablegen.<br \/>\nGleich hinter der Hafeneinfahrt bl\u00e4st es mit 25 Knoten. Huch, wo kommt denn dieser Wind so fr\u00fch morgens her?<\/p>\n<p>Immerhin kommt er nahezu aus Nord. Das ist gut f\u00fcr uns und prima segelbar.<br \/>\nSomit l\u00e4uft zun\u00e4chst alles planm\u00e4\u00dfig.<\/p>\n<p>Allerdings wird der Wind schnell schw\u00e4cher und dreht auf 30 Grad, so dass wir hoch am Wind (Wind von vorne) segeln m\u00fcssen. Am Wind segeln haben wir lange nicht mehr gemacht.<br \/>\nOb\u2019s daran liegt, dass mir auf einmal so komisch wird?<\/p>\n<p>Ich muss mich hinlegen.<br \/>\nDas hilft. Somit stecke ich bald meinen Kopf wieder an die frische Luft, aber zu fr\u00fch gefreut.<br \/>\nIch muss wieder runter. Ein Gang zur Toilette und mir ist richtig schlecht.<br \/>\nSo schlimm, dass ich mir vorsichtshalber einen Eimer mit an die Koje nehme. <img src=\"https:\/\/atanga.de\/wp-content\/plugins\/classic-smilies\/img\/icon_eek.gif\" alt=\":shock:\" class=\"wp-smiley\" style=\"height: 1em; max-height: 1em;\" \/><\/p>\n\n\t\t<style type=\"text\/css\">\n\t\t\t#gallery-1 {\n\t\t\t\tmargin: auto;\n\t\t\t}\n\t\t\t#gallery-1 .gallery-item {\n\t\t\t\tfloat: left;\n\t\t\t\tmargin-top: 10px;\n\t\t\t\ttext-align: center;\n\t\t\t\twidth: 33%;\n\t\t\t}\n\t\t\t#gallery-1 img {\n\t\t\t\tborder: 2px solid #cfcfcf;\n\t\t\t}\n\t\t\t#gallery-1 .gallery-caption {\n\t\t\t\tmargin-left: 0;\n\t\t\t}\n\t\t\t\/* see gallery_shortcode() in wp-includes\/media.php *\/\n\t\t<\/style>\n\t\t<div id='gallery-1' class='gallery galleryid-4210 gallery-columns-3 gallery-size-thumbnail'><dl class='gallery-item'>\n\t\t\t<dt class='gallery-icon landscape'>\n\t\t\t\t<a class=\"boxersandswipers\" title=\"Gute Laune verspr\u00fchend\" href='https:\/\/atanga.de\/wp-content\/uploads\/2015\/07\/\u00dcberfahrt.jpg'><img decoding=\"async\" width=\"150\" height=\"150\" src=\"https:\/\/atanga.de\/wp-content\/uploads\/2015\/07\/\u00dcberfahrt-150x150.jpg\" class=\"attachment-thumbnail size-thumbnail\" alt=\"Gute Laune verspr\u00fchend\" aria-describedby=\"gallery-1-4211\" \/><\/a>\n\t\t\t<\/dt>\n\t\t\t\t<dd class='wp-caption-text gallery-caption' id='gallery-1-4211'>\n\t\t\t\tGute Laune verspr\u00fchend\n\t\t\t\t<\/dd><\/dl>\n\t\t\t<br style='clear: both' \/>\n\t\t<\/div>\n\n<p>Da liege ich nun in meinem eigenen Leid und frage mich, wie das angehen kann.<br \/>\nAtanga l\u00e4uft wie auf Schienen und es sind kaum Bewegungen zu sp\u00fcren. Es rollt nicht, schlingert oder giert nicht. Und die Auf und Abs sind, objektiv betrachtet, absolut zu vernachl\u00e4ssigen.<br \/>\nMein Magen sagt was anderes\u2026<\/p>\n<p>Der beste Skipper der Welt l\u00e4sst mich ruhen * und schlafen und am Nachmittag ist alles wieder gut.\u00a0 <img src=\"https:\/\/atanga.de\/wp-content\/plugins\/classic-smilies\/img\/icon_smile.gif\" alt=\":-)\" class=\"wp-smiley\" style=\"height: 1em; max-height: 1em;\" \/><\/p>\n<p>Der Wind l\u00e4sst weiter nach, um mit der Dunkelheit fast ganz einzuschlafen.<br \/>\nSomit motoren wir durch die Nacht. Das bringt viel L\u00e4rm und wenig Schlaf. Vor allem Achim k\u00f6nnte eine gute M\u00fctze davon vertragen.<\/p>\n<p>Mit Erreichen der Nordspitze Teneriffas \u00e4ndern wir unseren Kurs und es kommt auch der Wind zur\u00fcck. Nur mit dem Vorsegel k\u00f6nnen wir ganz gut Tempo machen.<br \/>\nEin paar Stunden sp\u00e4ter nehmen wir unser Gro\u00df dazu, da der Wind wieder nachl\u00e4sst. Allerdings kommt nun die Welle fies von der Seite. Wir rollen bei jeder zehnten Welle m\u00e4chtig auf die Backe. Grrr.<\/p>\n<p>Grade als Achim am Schapp mit den Bechern hantiert, werden wir m\u00e4chtig auf die Seite gedr\u00fcckt.<br \/>\nErst sehe ich einen Mann quer durch den Salon schie\u00dfen und und dann drei Becher auf ihn niederhageln. Der Mann kommt mit zwei argen Prellungen davon, die Becher erleiden den Tod. Ausgerechnet unsere beiden Lieblingsbecher sind auch dabei.<\/p>\n<p>Nach 35 Stunden ist es dann endlich geschafft und diese \u00e4tzende Fahrt nimmt in unserem Lieblingshafen auf den Kanaren ein gutes Ende.<\/p>\n<p>&nbsp;<\/p>\n<p>*Wie er mir hinterher erz\u00e4hlte, mochte er zu dem Zeitpunkt auch nicht gerne unter Deck sein <img src=\"https:\/\/atanga.de\/wp-content\/plugins\/classic-smilies\/img\/icon_mrgreen.gif\" alt=\":mrgreen:\" class=\"wp-smiley\" style=\"height: 1em; max-height: 1em;\" \/><\/p>\n<div class=\"pld-like-dislike-wrap pld-template-1\">\r\n    <div class=\"pld-like-wrap  pld-common-wrap\">\r\n    <a href=\"javascript:void(0)\" class=\"pld-like-trigger pld-like-dislike-trigger  \" title=\"gef\u00e4llt mir\" data-post-id=\"4210\" data-trigger-type=\"like\" data-restriction=\"cookie\" data-already-liked=\"0\">\r\n                        <i class=\"fas fa-thumbs-up\"><\/i>\r\n                <\/a>\r\n    <span class=\"pld-like-count-wrap pld-count-wrap\">    <\/span>\r\n<\/div><div class=\"pld-dislike-wrap  pld-common-wrap\">\r\n    <a href=\"javascript:void(0)\" class=\"pld-dislike-trigger pld-like-dislike-trigger  \" title=\"doof\" data-post-id=\"4210\" data-trigger-type=\"dislike\" data-restriction=\"cookie\" data-already-liked=\"0\">\r\n                        <i class=\"fas fa-thumbs-down\"><\/i>\r\n                <\/a>\r\n    <span class=\"pld-dislike-count-wrap pld-count-wrap\"><\/span>\r\n<\/div><\/div>","protected":false},"excerpt":{"rendered":"<p>Mo\/Di., 20.\/21. Jul.18, Gran Canaria, Tag 415\/6, 2.728 sm Wie erwartet ist es total windstill als wir um 6:00 Uhr ablegen. Gleich hinter der Hafeneinfahrt bl\u00e4st es mit 25 Knoten. Huch, wo kommt denn dieser Wind so fr\u00fch morgens her? Immerhin kommt er nahezu aus Nord. Das ist gut f\u00fcr uns und prima segelbar. Somit [&hellip;]<\/p>\n","protected":false},"author":4,"featured_media":0,"comment_status":"open","ping_status":"closed","sticky":false,"template":"","format":"standard","meta":{"footnotes":""},"categories":[35,41,26],"tags":[],"class_list":["post-4210","post","type-post","status-publish","format-standard","hentry","category-auf-see","category-gran-canaria","category-spanien"],"_links":{"self":[{"href":"https:\/\/atanga.de\/index.php?rest_route=\/wp\/v2\/posts\/4210","targetHints":{"allow":["GET"]}}],"collection":[{"href":"https:\/\/atanga.de\/index.php?rest_route=\/wp\/v2\/posts"}],"about":[{"href":"https:\/\/atanga.de\/index.php?rest_route=\/wp\/v2\/types\/post"}],"author":[{"embeddable":true,"href":"https:\/\/atanga.de\/index.php?rest_route=\/wp\/v2\/users\/4"}],"replies":[{"embeddable":true,"href":"https:\/\/atanga.de\/index.php?rest_route=%2Fwp%2Fv2%2Fcomments&post=4210"}],"version-history":[{"count":4,"href":"https:\/\/atanga.de\/index.php?rest_route=\/wp\/v2\/posts\/4210\/revisions"}],"predecessor-version":[{"id":4248,"href":"https:\/\/atanga.de\/index.php?rest_route=\/wp\/v2\/posts\/4210\/revisions\/4248"}],"wp:attachment":[{"href":"https:\/\/atanga.de\/index.php?rest_route=%2Fwp%2Fv2%2Fmedia&parent=4210"}],"wp:term":[{"taxonomy":"category","embeddable":true,"href":"https:\/\/atanga.de\/index.php?rest_route=%2Fwp%2Fv2%2Fcategories&post=4210"},{"taxonomy":"post_tag","embeddable":true,"href":"https:\/\/atanga.de\/index.php?rest_route=%2Fwp%2Fv2%2Ftags&post=4210"}],"curies":[{"name":"wp","href":"https:\/\/api.w.org\/{rel}","templated":true}]}}