{"id":4217,"date":"2015-07-24T19:51:18","date_gmt":"2015-07-24T19:51:18","guid":{"rendered":"http:\/\/atanga.de\/?p=4217"},"modified":"2015-08-04T16:24:30","modified_gmt":"2015-08-04T16:24:30","slug":"zurueck-in-las-palmas","status":"publish","type":"post","link":"https:\/\/atanga.de\/?p=4217","title":{"rendered":"Zur\u00fcck in Las Palmas"},"content":{"rendered":"<p><span class=\"st\"><em>Mi., 22. Jul.15, Gran Canaria, Tag 417, 2.728 sm<\/em><\/span><\/p>\n<p>Nach der gruseligen \u00dcberfahrt schlafen wir uns 12 Stunden gr\u00fcndlich aus.<br \/>\nDer Mann, der gestern durchs Schiff flog, sieht aus wie ein Opfer h\u00e4uslicher Gewalt.<br \/>\nWie man sich gut vorstellen kann, hat er Schmerzen. <img src=\"https:\/\/atanga.de\/wp-content\/plugins\/classic-smilies\/img\/icon_cry.gif\" alt=\":cry:\" class=\"wp-smiley\" style=\"height: 1em; max-height: 1em;\" \/><br \/>\nEr jammert und klagt sich den Niedergang hoch und runter.<\/p>\n\n\t\t<style type=\"text\/css\">\n\t\t\t#gallery-1 {\n\t\t\t\tmargin: auto;\n\t\t\t}\n\t\t\t#gallery-1 .gallery-item {\n\t\t\t\tfloat: left;\n\t\t\t\tmargin-top: 10px;\n\t\t\t\ttext-align: center;\n\t\t\t\twidth: 33%;\n\t\t\t}\n\t\t\t#gallery-1 img {\n\t\t\t\tborder: 2px solid #cfcfcf;\n\t\t\t}\n\t\t\t#gallery-1 .gallery-caption {\n\t\t\t\tmargin-left: 0;\n\t\t\t}\n\t\t\t\/* see gallery_shortcode() in wp-includes\/media.php *\/\n\t\t<\/style>\n\t\t<div id='gallery-1' class='gallery galleryid-4217 gallery-columns-3 gallery-size-thumbnail'><dl class='gallery-item'>\n\t\t\t<dt class='gallery-icon landscape'>\n\t\t\t\t<a class=\"boxersandswipers\" title=\"Po klein\" href='https:\/\/atanga.de\/wp-content\/uploads\/2015\/07\/Po-klein.jpg'><img decoding=\"async\" width=\"150\" height=\"150\" src=\"https:\/\/atanga.de\/wp-content\/uploads\/2015\/07\/Po-klein-150x150.jpg\" class=\"attachment-thumbnail size-thumbnail\" alt=\"blau, blau, blau\" aria-describedby=\"gallery-1-4218\" \/><\/a>\n\t\t\t<\/dt>\n\t\t\t\t<dd class='wp-caption-text gallery-caption' id='gallery-1-4218'>\n\t\t\t\tblau, blau, blau\n\t\t\t\t<\/dd><\/dl>\n\t\t\t<br style='clear: both' \/>\n\t\t<\/div>\n\n<p>&nbsp;<\/p>\n<p>Atanga bekommt von uns die \u00fcbliche S\u00fc\u00dfwasserdusche. Und alle Tampen, Schoten, Strippen und Schuhe, die ich zu fassen bekomme, erhalten ebenfalls eine W\u00e4sche.<br \/>\n\u00dcberall steckt der feine Staub von La Palma in den Ritzen.<\/p>\n\n\t\t<style type=\"text\/css\">\n\t\t\t#gallery-2 {\n\t\t\t\tmargin: auto;\n\t\t\t}\n\t\t\t#gallery-2 .gallery-item {\n\t\t\t\tfloat: left;\n\t\t\t\tmargin-top: 10px;\n\t\t\t\ttext-align: center;\n\t\t\t\twidth: 33%;\n\t\t\t}\n\t\t\t#gallery-2 img {\n\t\t\t\tborder: 2px solid #cfcfcf;\n\t\t\t}\n\t\t\t#gallery-2 .gallery-caption {\n\t\t\t\tmargin-left: 0;\n\t\t\t}\n\t\t\t\/* see gallery_shortcode() in wp-includes\/media.php *\/\n\t\t<\/style>\n\t\t<div id='gallery-2' class='gallery galleryid-4217 gallery-columns-3 gallery-size-thumbnail'><dl class='gallery-item'>\n\t\t\t<dt class='gallery-icon landscape'>\n\t\t\t\t<a class=\"boxersandswipers\" title=\"W\u00e4sche klein\" href='https:\/\/atanga.de\/wp-content\/uploads\/2015\/07\/W\u00e4sche-klein.jpg'><img decoding=\"async\" width=\"150\" height=\"150\" src=\"https:\/\/atanga.de\/wp-content\/uploads\/2015\/07\/W\u00e4sche-klein-150x150.jpg\" class=\"attachment-thumbnail size-thumbnail\" alt=\"\" aria-describedby=\"gallery-2-4219\" \/><\/a>\n\t\t\t<\/dt>\n\t\t\t\t<dd class='wp-caption-text gallery-caption' id='gallery-2-4219'>\n\t\t\t\tGro\u00dfe W\u00e4sche\n\t\t\t\t<\/dd><\/dl>\n\t\t\t<br style='clear: both' \/>\n\t\t<\/div>\n\n<p>&nbsp;<\/p>\n<p>Es ist sch\u00f6n auch mal einen Hafen anzulaufen, den wir bereits kennen. Da findet das Schiff den Weg zum Wartesteg von alleine.<br \/>\nIm Gegensatz zu Februar ist der Hafen jetzt proppe voll. Wir sind froh, dass wir reserviert haben. Einen Platz am Wunschsteg \u201aL\u2018 (k\u00fcrzeste Wege zu den Duschen und zum Baguette) an dem wir letztes Mal gelegen haben, bekommen wir allerdings nicht.<br \/>\nDen hat uns die La Joya vor ein paar Tagen weg geschnappt.<\/p>\n<p>Trotzdem ist die Wiedersehensfreude riesig.<br \/>\nZun\u00e4chst treffen wir nur auf Gabi und Michael, da Petra zur Zeit anderweitig unabk\u00f6mmlich ist. <img src=\"https:\/\/atanga.de\/wp-content\/plugins\/classic-smilies\/img\/icon_wink.gif\" alt=\";-)\" class=\"wp-smiley\" style=\"height: 1em; max-height: 1em;\" \/> Ich w\u00fcrde ja auch gerne mal ein Foto vom gem\u00fctlichen Abend zeigen, aber keiner von ihnen m\u00f6chte ins Internet.<\/p>\n<div class=\"pld-like-dislike-wrap pld-template-1\">\r\n    <div class=\"pld-like-wrap  pld-common-wrap\">\r\n    <a href=\"javascript:void(0)\" class=\"pld-like-trigger pld-like-dislike-trigger  \" title=\"gef\u00e4llt mir\" data-post-id=\"4217\" data-trigger-type=\"like\" data-restriction=\"cookie\" data-already-liked=\"0\">\r\n                        <i class=\"fas fa-thumbs-up\"><\/i>\r\n                <\/a>\r\n    <span class=\"pld-like-count-wrap pld-count-wrap\">    <\/span>\r\n<\/div><div class=\"pld-dislike-wrap  pld-common-wrap\">\r\n    <a href=\"javascript:void(0)\" class=\"pld-dislike-trigger pld-like-dislike-trigger  \" title=\"doof\" data-post-id=\"4217\" data-trigger-type=\"dislike\" data-restriction=\"cookie\" data-already-liked=\"0\">\r\n                        <i class=\"fas fa-thumbs-down\"><\/i>\r\n                <\/a>\r\n    <span class=\"pld-dislike-count-wrap pld-count-wrap\"><\/span>\r\n<\/div><\/div>","protected":false},"excerpt":{"rendered":"<p>Mi., 22. Jul.15, Gran Canaria, Tag 417, 2.728 sm Nach der gruseligen \u00dcberfahrt schlafen wir uns 12 Stunden gr\u00fcndlich aus. Der Mann, der gestern durchs Schiff flog, sieht aus wie ein Opfer h\u00e4uslicher Gewalt. Wie man sich gut vorstellen kann, hat er Schmerzen. Er jammert und klagt sich den Niedergang hoch und runter. &nbsp; Atanga [&hellip;]<\/p>\n","protected":false},"author":4,"featured_media":0,"comment_status":"open","ping_status":"closed","sticky":false,"template":"","format":"standard","meta":{"footnotes":""},"categories":[41,26,45],"tags":[],"class_list":["post-4217","post","type-post","status-publish","format-standard","hentry","category-gran-canaria","category-spanien","category-allgemein"],"_links":{"self":[{"href":"https:\/\/atanga.de\/index.php?rest_route=\/wp\/v2\/posts\/4217","targetHints":{"allow":["GET"]}}],"collection":[{"href":"https:\/\/atanga.de\/index.php?rest_route=\/wp\/v2\/posts"}],"about":[{"href":"https:\/\/atanga.de\/index.php?rest_route=\/wp\/v2\/types\/post"}],"author":[{"embeddable":true,"href":"https:\/\/atanga.de\/index.php?rest_route=\/wp\/v2\/users\/4"}],"replies":[{"embeddable":true,"href":"https:\/\/atanga.de\/index.php?rest_route=%2Fwp%2Fv2%2Fcomments&post=4217"}],"version-history":[{"count":2,"href":"https:\/\/atanga.de\/index.php?rest_route=\/wp\/v2\/posts\/4217\/revisions"}],"predecessor-version":[{"id":4247,"href":"https:\/\/atanga.de\/index.php?rest_route=\/wp\/v2\/posts\/4217\/revisions\/4247"}],"wp:attachment":[{"href":"https:\/\/atanga.de\/index.php?rest_route=%2Fwp%2Fv2%2Fmedia&parent=4217"}],"wp:term":[{"taxonomy":"category","embeddable":true,"href":"https:\/\/atanga.de\/index.php?rest_route=%2Fwp%2Fv2%2Fcategories&post=4217"},{"taxonomy":"post_tag","embeddable":true,"href":"https:\/\/atanga.de\/index.php?rest_route=%2Fwp%2Fv2%2Ftags&post=4217"}],"curies":[{"name":"wp","href":"https:\/\/api.w.org\/{rel}","templated":true}]}}