{"id":4224,"date":"2015-07-30T15:46:20","date_gmt":"2015-07-30T15:46:20","guid":{"rendered":"http:\/\/atanga.de\/?p=4224"},"modified":"2015-08-04T16:23:37","modified_gmt":"2015-08-04T16:23:37","slug":"anschiss","status":"publish","type":"post","link":"https:\/\/atanga.de\/?p=4224","title":{"rendered":"Anschiss"},"content":{"rendered":"<p><em><span class=\"st\">Mo., 27. Jul.15, Gran Canaria, Tag 422, 2.728 sm<\/span><\/em><\/p>\n<p>Heute soll ja meine neue Krone mit der richtigen Schraube fertig sein.<br \/>\nWie immer fahre ich mit dem Rad zum Zahnarzt. In Las Palmas kann man ganz gut Fahrrad fahren. In der Innenstadt fahre ich auf der Stra\u00dfe, aber in den Nebenstra\u00dfen sind die B\u00fcrgersteige h\u00e4ufig breit und wenig belaufen, so dass ich von der Stra\u00dfe auf die Fu\u00dfwege wechsel.<br \/>\nSo auch heute.<\/p>\n<p>Auf einmal h\u00f6re ich von der Stra\u00dfe ein lautes und strenges \u201eHola, Se\u00f1ora\u201c neben mir. Ein Motorradfahrer mit Policia Local Aufkleber. <img src=\"https:\/\/atanga.de\/wp-content\/plugins\/classic-smilies\/img\/icon_mrgreen.gif\" alt=\":mrgreen:\" class=\"wp-smiley\" style=\"height: 1em; max-height: 1em;\" \/><\/p>\n<p>Ich stoppe artig und schon schwallt es auf mich nieder.<br \/>\nMeinen Einwurf, dass ich nur wenig Spanisch spreche, ignoriert er komplett und f\u00fchrt seine Schimpftirade fort.<br \/>\nIch verstehe Wortfetzten: Schuld, Auto, Schuld, Fahrrad, Auto, Schuld und immer wieder Schuld. Brav nicke ich an den hoffentlich richtigen Stellen, mache ein betretenen Gesicht und versuche zu ergr\u00fcnden, worin mein Verbrehen besteht. Als er mit zwei Fingern einen Fu\u00dfg\u00e4nger imitiert, glaube ich zu verstehen.<\/p>\n<p>Es ist okay, dass ich auf dem Fu\u00dfweg gefahren bin, aber an einer Querstra\u00dfe den Zebrastreifen (ich hatte gr\u00fcn) ohne abzusteigen zu \u00fcberfahren ist wohl nicht erlaubt.<\/p>\n<p>Er guckt streng und schimpft. Erst als er fertig ist und ich mich artig mit einem &#8222;Muchas gracias&#8220; f\u00fcr sein Gemecker\u00a0bedanke, muss er lachen.<br \/>\nWahrscheinlich merkt er jetzt erst, dass ich nicht recht was verstanden habe.<br \/>\nGl\u00fcck gehabt, wer wei\u00df, ob sowas unter Strafe steht.<\/p>\n<p>Beim Zahnarzt bin ich ebenfalls erfolgreich. Heute passen die Gewinde zusammen und mein neuer Zahn ist schnell festgeschraubt. Jetzt soll ich eine Woche testen und dann wird er final fertig gestellt.<\/p>\n<p>&nbsp;<\/p>\n<div class=\"pld-like-dislike-wrap pld-template-1\">\r\n    <div class=\"pld-like-wrap  pld-common-wrap\">\r\n    <a href=\"javascript:void(0)\" class=\"pld-like-trigger pld-like-dislike-trigger  \" title=\"gef\u00e4llt mir\" data-post-id=\"4224\" data-trigger-type=\"like\" data-restriction=\"cookie\" data-already-liked=\"0\">\r\n                        <i class=\"fas fa-thumbs-up\"><\/i>\r\n                <\/a>\r\n    <span class=\"pld-like-count-wrap pld-count-wrap\">    <\/span>\r\n<\/div><div class=\"pld-dislike-wrap  pld-common-wrap\">\r\n    <a href=\"javascript:void(0)\" class=\"pld-dislike-trigger pld-like-dislike-trigger  \" title=\"doof\" data-post-id=\"4224\" data-trigger-type=\"dislike\" data-restriction=\"cookie\" data-already-liked=\"0\">\r\n                        <i class=\"fas fa-thumbs-down\"><\/i>\r\n                <\/a>\r\n    <span class=\"pld-dislike-count-wrap pld-count-wrap\"><\/span>\r\n<\/div><\/div>","protected":false},"excerpt":{"rendered":"<p>Mo., 27. Jul.15, Gran Canaria, Tag 422, 2.728 sm Heute soll ja meine neue Krone mit der richtigen Schraube fertig sein. Wie immer fahre ich mit dem Rad zum Zahnarzt. In Las Palmas kann man ganz gut Fahrrad fahren. In der Innenstadt fahre ich auf der Stra\u00dfe, aber in den Nebenstra\u00dfen sind die B\u00fcrgersteige h\u00e4ufig [&hellip;]<\/p>\n","protected":false},"author":4,"featured_media":0,"comment_status":"open","ping_status":"closed","sticky":false,"template":"","format":"standard","meta":{"footnotes":""},"categories":[41,26,45],"tags":[],"class_list":["post-4224","post","type-post","status-publish","format-standard","hentry","category-gran-canaria","category-spanien","category-allgemein"],"_links":{"self":[{"href":"https:\/\/atanga.de\/index.php?rest_route=\/wp\/v2\/posts\/4224","targetHints":{"allow":["GET"]}}],"collection":[{"href":"https:\/\/atanga.de\/index.php?rest_route=\/wp\/v2\/posts"}],"about":[{"href":"https:\/\/atanga.de\/index.php?rest_route=\/wp\/v2\/types\/post"}],"author":[{"embeddable":true,"href":"https:\/\/atanga.de\/index.php?rest_route=\/wp\/v2\/users\/4"}],"replies":[{"embeddable":true,"href":"https:\/\/atanga.de\/index.php?rest_route=%2Fwp%2Fv2%2Fcomments&post=4224"}],"version-history":[{"count":2,"href":"https:\/\/atanga.de\/index.php?rest_route=\/wp\/v2\/posts\/4224\/revisions"}],"predecessor-version":[{"id":4245,"href":"https:\/\/atanga.de\/index.php?rest_route=\/wp\/v2\/posts\/4224\/revisions\/4245"}],"wp:attachment":[{"href":"https:\/\/atanga.de\/index.php?rest_route=%2Fwp%2Fv2%2Fmedia&parent=4224"}],"wp:term":[{"taxonomy":"category","embeddable":true,"href":"https:\/\/atanga.de\/index.php?rest_route=%2Fwp%2Fv2%2Fcategories&post=4224"},{"taxonomy":"post_tag","embeddable":true,"href":"https:\/\/atanga.de\/index.php?rest_route=%2Fwp%2Fv2%2Ftags&post=4224"}],"curies":[{"name":"wp","href":"https:\/\/api.w.org\/{rel}","templated":true}]}}