{"id":4228,"date":"2015-08-02T17:54:40","date_gmt":"2015-08-02T17:54:40","guid":{"rendered":"http:\/\/atanga.de\/?p=4228"},"modified":"2015-08-04T16:23:10","modified_gmt":"2015-08-04T16:23:10","slug":"unsere-plaene-bis-jahresende","status":"publish","type":"post","link":"https:\/\/atanga.de\/?p=4228","title":{"rendered":"Unsere Pl\u00e4ne bis Jahresende"},"content":{"rendered":"<p><span class=\"st\"><em>Mi., 29. Jul.15, Gran Canaria, Tag 424, 2.728 sm<\/em><\/span><\/p>\n<p>In Las Palmas k\u00f6nnen wir nur bis zum 01. Oktober bleiben.<br \/>\nDanach werden wir raus geworfen, da die Teilnehmer f\u00fcr die ARC hier eintreffen. Es werden f\u00fcr diese \u201eJedermann-Ralley\u201c \u00fcber 200 Schiffe erwartet. Alle Pl\u00e4tze sind reserviert, somit m\u00fcssen wir weichen.<br \/>\nBis dahin wollen wir alles abgearbeitet und besorgt haben, was auf unserer Liste steht. Diese Liste hat die \u00dcberschrift to-do-und-to-besorgen-vor<\/p>\n<h2><small>Atlantik\u00fcberquerung<\/small><\/h2>\n<p>Ich fliege am 13. August f\u00fcr zwei Wochen nach Deutschland.<br \/>\nSomit hei\u00dft es bis dahin heraus zu finden, was partout vor Ort nicht zu besorgen ist und was ich mitbringen muss.<\/p>\n<p>Seit Tagen rennen und radeln wir kreuz und quer durch die Stadt. Auf unserer Einkaufsliste stehen normale Dinge wie Mosquito-Netz, Revierf\u00fchrer Karibik und Schleifpapier, aber auch exotisches Zeug wie Stoffmalfarbe oder ein massiver W\u00fcrfel (Kantenl\u00e4nge 3,5 cm x 4cm) aus Messing oder Edelstahl. Bei letzterem l\u00e4uft man ja in Deutschland schon planlos durch die Gegend.<\/p>\n<p>Stoffmalfarbe habe ich nach einem 1,5 St\u00fcndigen Marsch irgendwo in einem Wohngebiet bekommen. Fast alle L\u00e4den machen von 13:30 bis 17:00 Uhr Siesta. Der Sinn dieser Siesta erschlie\u00dft sich einem erst, wenn man im Hochsommer durch Spanien stiefelt. Selbst noch am sp\u00e4ten Nachmittag l\u00e4uft der Schwei\u00df in Str\u00f6men und die Stadt ist wie ausgestorben.<\/p>\n\n\t\t<style type=\"text\/css\">\n\t\t\t#gallery-1 {\n\t\t\t\tmargin: auto;\n\t\t\t}\n\t\t\t#gallery-1 .gallery-item {\n\t\t\t\tfloat: left;\n\t\t\t\tmargin-top: 10px;\n\t\t\t\ttext-align: center;\n\t\t\t\twidth: 33%;\n\t\t\t}\n\t\t\t#gallery-1 img {\n\t\t\t\tborder: 2px solid #cfcfcf;\n\t\t\t}\n\t\t\t#gallery-1 .gallery-caption {\n\t\t\t\tmargin-left: 0;\n\t\t\t}\n\t\t\t\/* see gallery_shortcode() in wp-includes\/media.php *\/\n\t\t<\/style>\n\t\t<div id='gallery-1' class='gallery galleryid-4228 gallery-columns-3 gallery-size-thumbnail'><dl class='gallery-item'>\n\t\t\t<dt class='gallery-icon landscape'>\n\t\t\t\t<a class=\"boxersandswipers\" title=\"LP unterwegs\" href='https:\/\/atanga.de\/wp-content\/uploads\/2015\/08\/LP-unterwegs.jpg'><img decoding=\"async\" width=\"150\" height=\"150\" src=\"https:\/\/atanga.de\/wp-content\/uploads\/2015\/08\/LP-unterwegs-150x150.jpg\" class=\"attachment-thumbnail size-thumbnail\" alt=\"Las Palmas Au\u00dfenbezirk\" aria-describedby=\"gallery-1-4229\" \/><\/a>\n\t\t\t<\/dt>\n\t\t\t\t<dd class='wp-caption-text gallery-caption' id='gallery-1-4229'>\n\t\t\t\tLas Palmas Au\u00dfenbezirk\n\t\t\t\t<\/dd><\/dl><dl class='gallery-item'>\n\t\t\t<dt class='gallery-icon landscape'>\n\t\t\t\t<a class=\"boxersandswipers\" title=\"am sp\u00e4ten Nachmittag\" href='https:\/\/atanga.de\/wp-content\/uploads\/2015\/08\/LP-unterwegs-2.jpg'><img decoding=\"async\" width=\"150\" height=\"150\" src=\"https:\/\/atanga.de\/wp-content\/uploads\/2015\/08\/LP-unterwegs-2-150x150.jpg\" class=\"attachment-thumbnail size-thumbnail\" alt=\"am sp\u00e4ten Nachmittag\" aria-describedby=\"gallery-1-4230\" \/><\/a>\n\t\t\t<\/dt>\n\t\t\t\t<dd class='wp-caption-text gallery-caption' id='gallery-1-4230'>\n\t\t\t\tam sp\u00e4ten Nachmittag\n\t\t\t\t<\/dd><\/dl>\n\t\t\t<br style='clear: both' \/>\n\t\t<\/div>\n\n<p>Achim wird auf der Suche nach einem Entst\u00f6r-Filter von einem Ende der Stadt zum anderen geschickt. Alle Antworten fangen gleich an: entweder bei Electro-Alfredo oder bei\u2026<br \/>\nUnd in einem Gardinenladen bekommt man zwar Stoff und Fliegengaze, aber kein Garn.<\/p>\n<p>Sobald ich aus Deutschland zur\u00fcck bin, kommt Atanga aus dem Wasser und erh\u00e4lt einen neuen Anstrich. Der Propeller wird gefettet und einige Dinge mehr. Wir hoffen, dass bei dieser Aktion keine \u00dcberraschungen auf uns lauern.<\/p>\n<p>Wenn wir Gran Canaria dann endg\u00fcltig verlassen, segeln wir noch nach La Gomera und im Anschluss auf die letzte der Kanarischen Inseln, nach El Hierro.<\/p>\n<p>Von dort soll es Ende November aus dann weiter gehen auf die Kap Verdischen Inseln. Das verk\u00fcrzt den gro\u00dfen Sprung auf die andere Seite des Atlantiks um ein ganzes St\u00fcck.<\/p>\n<p>Unseren urspr\u00fcnglichen Plan, nach Brasilien zu segeln, haben wir aufgegeben. Brasilien erteilt nur noch ein Visum mit einer Aufenthaltsdauer von maximal 90 Tagen ohne jegliche Verl\u00e4ngerungsoption. Drei Monate Aufenthalt sind uns f\u00fcr dieses riesige Land zu kurz. Daher erfolgt eine Plan\u00e4nderung und wir segeln einfach ein Land h\u00f6her, nach Franz\u00f6sisch Guyana.<\/p>\n<p>Und dann gab es noch einen bedauerlichen Unfall:<br \/>\nUnsere an-Bord-komm-Einstiegshilfe ist unter der Last eines Crewmitglieds zusammen gebrochen. <img src=\"https:\/\/atanga.de\/wp-content\/plugins\/classic-smilies\/img\/icon_mrgreen.gif\" alt=\":mrgreen:\" class=\"wp-smiley\" style=\"height: 1em; max-height: 1em;\" \/><\/p>\n\n\t\t<style type=\"text\/css\">\n\t\t\t#gallery-2 {\n\t\t\t\tmargin: auto;\n\t\t\t}\n\t\t\t#gallery-2 .gallery-item {\n\t\t\t\tfloat: left;\n\t\t\t\tmargin-top: 10px;\n\t\t\t\ttext-align: center;\n\t\t\t\twidth: 33%;\n\t\t\t}\n\t\t\t#gallery-2 img {\n\t\t\t\tborder: 2px solid #cfcfcf;\n\t\t\t}\n\t\t\t#gallery-2 .gallery-caption {\n\t\t\t\tmargin-left: 0;\n\t\t\t}\n\t\t\t\/* see gallery_shortcode() in wp-includes\/media.php *\/\n\t\t<\/style>\n\t\t<div id='gallery-2' class='gallery galleryid-4228 gallery-columns-3 gallery-size-thumbnail'><dl class='gallery-item'>\n\t\t\t<dt class='gallery-icon landscape'>\n\t\t\t\t<a class=\"boxersandswipers\" title=\"dumm gelaufen\" href='https:\/\/atanga.de\/wp-content\/uploads\/2015\/08\/Stuhl-klein.jpg'><img decoding=\"async\" width=\"150\" height=\"150\" src=\"https:\/\/atanga.de\/wp-content\/uploads\/2015\/08\/Stuhl-klein-150x150.jpg\" class=\"attachment-thumbnail size-thumbnail\" alt=\"dumm gelaufen\" aria-describedby=\"gallery-2-4231\" \/><\/a>\n\t\t\t<\/dt>\n\t\t\t\t<dd class='wp-caption-text gallery-caption' id='gallery-2-4231'>\n\t\t\t\tdumm gelaufen\n\t\t\t\t<\/dd><\/dl>\n\t\t\t<br style='clear: both' \/>\n\t\t<\/div>\n\n<div class=\"pld-like-dislike-wrap pld-template-1\">\r\n    <div class=\"pld-like-wrap  pld-common-wrap\">\r\n    <a href=\"javascript:void(0)\" class=\"pld-like-trigger pld-like-dislike-trigger  \" title=\"gef\u00e4llt mir\" data-post-id=\"4228\" data-trigger-type=\"like\" data-restriction=\"cookie\" data-already-liked=\"0\">\r\n                        <i class=\"fas fa-thumbs-up\"><\/i>\r\n                <\/a>\r\n    <span class=\"pld-like-count-wrap pld-count-wrap\">    <\/span>\r\n<\/div><div class=\"pld-dislike-wrap  pld-common-wrap\">\r\n    <a href=\"javascript:void(0)\" class=\"pld-dislike-trigger pld-like-dislike-trigger  \" title=\"doof\" data-post-id=\"4228\" data-trigger-type=\"dislike\" data-restriction=\"cookie\" data-already-liked=\"0\">\r\n                        <i class=\"fas fa-thumbs-down\"><\/i>\r\n                <\/a>\r\n    <span class=\"pld-dislike-count-wrap pld-count-wrap\"><\/span>\r\n<\/div><\/div>","protected":false},"excerpt":{"rendered":"<p>Mi., 29. Jul.15, Gran Canaria, Tag 424, 2.728 sm In Las Palmas k\u00f6nnen wir nur bis zum 01. Oktober bleiben. Danach werden wir raus geworfen, da die Teilnehmer f\u00fcr die ARC hier eintreffen. Es werden f\u00fcr diese \u201eJedermann-Ralley\u201c \u00fcber 200 Schiffe erwartet. Alle Pl\u00e4tze sind reserviert, somit m\u00fcssen wir weichen. Bis dahin wollen wir alles [&hellip;]<\/p>\n","protected":false},"author":4,"featured_media":0,"comment_status":"open","ping_status":"closed","sticky":false,"template":"","format":"standard","meta":{"footnotes":""},"categories":[41,26,45],"tags":[],"class_list":["post-4228","post","type-post","status-publish","format-standard","hentry","category-gran-canaria","category-spanien","category-allgemein"],"_links":{"self":[{"href":"https:\/\/atanga.de\/index.php?rest_route=\/wp\/v2\/posts\/4228","targetHints":{"allow":["GET"]}}],"collection":[{"href":"https:\/\/atanga.de\/index.php?rest_route=\/wp\/v2\/posts"}],"about":[{"href":"https:\/\/atanga.de\/index.php?rest_route=\/wp\/v2\/types\/post"}],"author":[{"embeddable":true,"href":"https:\/\/atanga.de\/index.php?rest_route=\/wp\/v2\/users\/4"}],"replies":[{"embeddable":true,"href":"https:\/\/atanga.de\/index.php?rest_route=%2Fwp%2Fv2%2Fcomments&post=4228"}],"version-history":[{"count":2,"href":"https:\/\/atanga.de\/index.php?rest_route=\/wp\/v2\/posts\/4228\/revisions"}],"predecessor-version":[{"id":4244,"href":"https:\/\/atanga.de\/index.php?rest_route=\/wp\/v2\/posts\/4228\/revisions\/4244"}],"wp:attachment":[{"href":"https:\/\/atanga.de\/index.php?rest_route=%2Fwp%2Fv2%2Fmedia&parent=4228"}],"wp:term":[{"taxonomy":"category","embeddable":true,"href":"https:\/\/atanga.de\/index.php?rest_route=%2Fwp%2Fv2%2Fcategories&post=4228"},{"taxonomy":"post_tag","embeddable":true,"href":"https:\/\/atanga.de\/index.php?rest_route=%2Fwp%2Fv2%2Ftags&post=4228"}],"curies":[{"name":"wp","href":"https:\/\/api.w.org\/{rel}","templated":true}]}}