{"id":4392,"date":"2015-08-10T19:36:39","date_gmt":"2015-08-10T19:36:39","guid":{"rendered":"http:\/\/atanga.de\/?p=4392"},"modified":"2015-08-10T19:36:39","modified_gmt":"2015-08-10T19:36:39","slug":"an-die-kette-gelegt","status":"publish","type":"post","link":"https:\/\/atanga.de\/?p=4392","title":{"rendered":"An die Kette gelegt"},"content":{"rendered":"<p><em>Mo., 10. Aug.15, Gran Canaria, Tag 436, 2.728 sm<\/em><\/p>\n<p>Ich habe ja schon mehrfach berichtet, \u00a0dass uns Las Palmas begeistert. Die Stadt \u00a0ist vielleicht einen Tick zu gro\u00df, aber das st\u00f6rt nicht wirklich.<br \/>\nRichtig \u00e4tzend ist nur die gro\u00dfe Stra\u00dfe zwischen Hafen und Stadt.<\/p>\n<p>Der Rest ist sehr &#8218;local&#8216;, wie es von allen hier genannt wird. Typisch spanisch, untouristisch, einfach nett und unaufgeregt.<\/p>\n<p>Wir f\u00fchlen uns sicher und wohl hier.<br \/>\nNur eine Unsitte scheint weit verbreitet: Fahrrad-Klau.<br \/>\nEin Nachbar, zwei Boote weiter, berichtet vom dreisten Diebstahl direkt von seinem Kahn runter &#8211; am helligten Tag. <img src=\"https:\/\/atanga.de\/wp-content\/plugins\/classic-smilies\/img\/icon_eek.gif\" alt=\":shock:\" class=\"wp-smiley\" style=\"height: 1em; max-height: 1em;\" \/><\/p>\n<p>Nachts sollen die Diebe mit Schlauchbooten kommen und die R\u00e4der direkt von Bord pfl\u00fccken.<\/p>\n<p>Jeder warnt uns, alle weisen uns darauf hin. Somit haben wir einen Gegenplan entwickelt.<br \/>\nStatt des \u00fcblichen Fahrradschlosses, was man mit einer Kneifzange und B\u00fcroklammer knacken kann, r\u00fcsten wir auf.<\/p>\n<p>Ich fahre jetzt mit einer Ankerkette und einem Monster von Vorh\u00e4ngeschloss in der Satteltasche umher. Diese ist lang genug, um beide R\u00e4der an einer 500 Jahre alten Ulme zu sichern.<br \/>\nAchim hat es gut gemeint mit der L\u00e4nge der Kette.<br \/>\nBl\u00f6d nur, dass sich das Gewicht des Rades dadurch spontan verdoppelt hat. Jedes Verkaufsgespr\u00e4ch \u00fcber das geringe Gewicht so eines Klapprades wird ad Absurdum gef\u00fchrt.<br \/>\nDazu kommt die Schlepperei runter von Bord, wieder rauf aufs Schiff, da wir unsere R\u00e4der mittlerweile auch an Bord anketten.<\/p>\n<p>Den Eindruck, den ich mit meiner Kette vor Gesch\u00e4ften hinterlasse ist unerfreulich. Es sieht ja so aus als w\u00fcrde ich alle hier f\u00fcr Banditen halten.<br \/>\nNun, da muss ich durch (und die Canarios ebenfalls), n\u00fctzt nix, mein Rad ist mir heilig!<\/p>\n\n\t\t<style type=\"text\/css\">\n\t\t\t#gallery-1 {\n\t\t\t\tmargin: auto;\n\t\t\t}\n\t\t\t#gallery-1 .gallery-item {\n\t\t\t\tfloat: left;\n\t\t\t\tmargin-top: 10px;\n\t\t\t\ttext-align: center;\n\t\t\t\twidth: 33%;\n\t\t\t}\n\t\t\t#gallery-1 img {\n\t\t\t\tborder: 2px solid #cfcfcf;\n\t\t\t}\n\t\t\t#gallery-1 .gallery-caption {\n\t\t\t\tmargin-left: 0;\n\t\t\t}\n\t\t\t\/* see gallery_shortcode() in wp-includes\/media.php *\/\n\t\t<\/style>\n\t\t<div id='gallery-1' class='gallery galleryid-4392 gallery-columns-3 gallery-size-thumbnail'><dl class='gallery-item'>\n\t\t\t<dt class='gallery-icon landscape'>\n\t\t\t\t<a class=\"boxersandswipers\" title=\"Fahrrad-Sicherung  auch\" href='https:\/\/atanga.de\/wp-content\/uploads\/2015\/08\/Fahri-klein.jpg'><img decoding=\"async\" width=\"150\" height=\"150\" src=\"https:\/\/atanga.de\/wp-content\/uploads\/2015\/08\/Fahri-klein-150x150.jpg\" class=\"attachment-thumbnail size-thumbnail\" alt=\"Fahrrad-Sicherung auch\" aria-describedby=\"gallery-1-4393\" \/><\/a>\n\t\t\t<\/dt>\n\t\t\t\t<dd class='wp-caption-text gallery-caption' id='gallery-1-4393'>\n\t\t\t\tFahrrad-Sicherung  auch\n\t\t\t\t<\/dd><\/dl><dl class='gallery-item'>\n\t\t\t<dt class='gallery-icon landscape'>\n\t\t\t\t<a class=\"boxersandswipers\" title=\"als Ankerkette nutzbar\" href='https:\/\/atanga.de\/wp-content\/uploads\/2015\/08\/Fahri-klein-2.jpg'><img decoding=\"async\" width=\"150\" height=\"150\" src=\"https:\/\/atanga.de\/wp-content\/uploads\/2015\/08\/Fahri-klein-2-150x150.jpg\" class=\"attachment-thumbnail size-thumbnail\" alt=\"als Ankerkette nutzbar\" aria-describedby=\"gallery-1-4394\" \/><\/a>\n\t\t\t<\/dt>\n\t\t\t\t<dd class='wp-caption-text gallery-caption' id='gallery-1-4394'>\n\t\t\t\tals Ankerkette nutzbar\n\t\t\t\t<\/dd><\/dl>\n\t\t\t<br style='clear: both' \/>\n\t\t<\/div>\n\n<div class=\"pld-like-dislike-wrap pld-template-1\">\r\n    <div class=\"pld-like-wrap  pld-common-wrap\">\r\n    <a href=\"javascript:void(0)\" class=\"pld-like-trigger pld-like-dislike-trigger  \" title=\"gef\u00e4llt mir\" data-post-id=\"4392\" data-trigger-type=\"like\" data-restriction=\"cookie\" data-already-liked=\"0\">\r\n                        <i class=\"fas fa-thumbs-up\"><\/i>\r\n                <\/a>\r\n    <span class=\"pld-like-count-wrap pld-count-wrap\">    <\/span>\r\n<\/div><div class=\"pld-dislike-wrap  pld-common-wrap\">\r\n    <a href=\"javascript:void(0)\" class=\"pld-dislike-trigger pld-like-dislike-trigger  \" title=\"doof\" data-post-id=\"4392\" data-trigger-type=\"dislike\" data-restriction=\"cookie\" data-already-liked=\"0\">\r\n                        <i class=\"fas fa-thumbs-down\"><\/i>\r\n                <\/a>\r\n    <span class=\"pld-dislike-count-wrap pld-count-wrap\"><\/span>\r\n<\/div><\/div>","protected":false},"excerpt":{"rendered":"<p>Mo., 10. Aug.15, Gran Canaria, Tag 436, 2.728 sm Ich habe ja schon mehrfach berichtet, \u00a0dass uns Las Palmas begeistert. Die Stadt \u00a0ist vielleicht einen Tick zu gro\u00df, aber das st\u00f6rt nicht wirklich. Richtig \u00e4tzend ist nur die gro\u00dfe Stra\u00dfe zwischen Hafen und Stadt. Der Rest ist sehr &#8218;local&#8216;, wie es von allen hier genannt [&hellip;]<\/p>\n","protected":false},"author":4,"featured_media":0,"comment_status":"open","ping_status":"closed","sticky":false,"template":"","format":"standard","meta":{"footnotes":""},"categories":[41,26,45],"tags":[],"class_list":["post-4392","post","type-post","status-publish","format-standard","hentry","category-gran-canaria","category-spanien","category-allgemein"],"_links":{"self":[{"href":"https:\/\/atanga.de\/index.php?rest_route=\/wp\/v2\/posts\/4392","targetHints":{"allow":["GET"]}}],"collection":[{"href":"https:\/\/atanga.de\/index.php?rest_route=\/wp\/v2\/posts"}],"about":[{"href":"https:\/\/atanga.de\/index.php?rest_route=\/wp\/v2\/types\/post"}],"author":[{"embeddable":true,"href":"https:\/\/atanga.de\/index.php?rest_route=\/wp\/v2\/users\/4"}],"replies":[{"embeddable":true,"href":"https:\/\/atanga.de\/index.php?rest_route=%2Fwp%2Fv2%2Fcomments&post=4392"}],"version-history":[{"count":1,"href":"https:\/\/atanga.de\/index.php?rest_route=\/wp\/v2\/posts\/4392\/revisions"}],"predecessor-version":[{"id":4395,"href":"https:\/\/atanga.de\/index.php?rest_route=\/wp\/v2\/posts\/4392\/revisions\/4395"}],"wp:attachment":[{"href":"https:\/\/atanga.de\/index.php?rest_route=%2Fwp%2Fv2%2Fmedia&parent=4392"}],"wp:term":[{"taxonomy":"category","embeddable":true,"href":"https:\/\/atanga.de\/index.php?rest_route=%2Fwp%2Fv2%2Fcategories&post=4392"},{"taxonomy":"post_tag","embeddable":true,"href":"https:\/\/atanga.de\/index.php?rest_route=%2Fwp%2Fv2%2Ftags&post=4392"}],"curies":[{"name":"wp","href":"https:\/\/api.w.org\/{rel}","templated":true}]}}