{"id":4406,"date":"2015-08-14T21:53:27","date_gmt":"2015-08-14T21:53:27","guid":{"rendered":"http:\/\/atanga.de\/?p=4406"},"modified":"2015-08-31T19:19:57","modified_gmt":"2015-08-31T19:19:57","slug":"mein-leben-ist-kein-pony-hof","status":"publish","type":"post","link":"https:\/\/atanga.de\/?p=4406","title":{"rendered":"Mein Leben ist kein Pony Hof"},"content":{"rendered":"<p><em>Fr.,14. Aug.15, Gran Canaria, Tag 440, 2.728 sm<\/em><\/p>\n<p>Gestern ist Bine nach Hamburg geflogen. F\u00fcr uns hie\u00df das, um 5 Uhr aufzustehen. Da ich immer etwas mehr unter Reisefieber leide, war ich bereits um 4 Uhr wach. Alles lief wie am Sch\u00fcrrchen und auch Bines Transport zum Flughafen war p\u00fcnktlicher als die Maurer am Steg. Um 5:45 war Bine dann weg, aber meine Nacht war vorbei\u2026.und so blieb es auch\u2026ich konnte nicht mehr einschlafen und den ganzen Tag war ich einfach nur m\u00fcde.<\/p>\n<p>Heute war die Welt dann wieder in Ordnung. Ich hatte eine geruhsame Nacht und bin frisch um 7:00 aufgestanden. Es war nun an der Zeit, mich um die Projekte zu k\u00fcmmern, die ich besser mache, wenn Bine nicht da ist.<\/p>\n<p>Unter der Achterkoje hatte ich vor einigen Monaten Kupferfolie als Erdung f\u00fcr das Kurzwellenger\u00e4t gelegt. Leider ist es dort nicht immer ganz trocken, was aber nicht an Bine liegt, die normalerweise\u00a0dar\u00fcber schl\u00e4ft. Ich habe die Folie daher heute einfach einmal \u00fcberlaminiert, um sie dauerhaft vor Feuchtigkeit zu sch\u00fctzen. Bei den gegenw\u00e4rtigen Temperaturen (30\u00b0 im Schiff) war das eine schwei\u00dftreibende Arbeit, die insbesondere auch durch die Atemmaske nicht wirklich angenehmer wurde.<\/p>\n<p><a class=\"boxersandswipers\" title=\"Atemmaske\" href=\"https:\/\/atanga.de\/wp-content\/uploads\/2015\/08\/Atemmaske.jpg\"><img decoding=\"async\" class=\"size-medium wp-image-4407\" src=\"https:\/\/atanga.de\/wp-content\/uploads\/2015\/08\/Atemmaske-249x300.jpg\" alt=\"ohne das Teil w\u00e4r ich wohl erstickt\" width=\"249\" height=\"300\" srcset=\"https:\/\/atanga.de\/wp-content\/uploads\/2015\/08\/Atemmaske-249x300.jpg 249w, https:\/\/atanga.de\/wp-content\/uploads\/2015\/08\/Atemmaske.jpg 498w\" sizes=\"(max-width: 249px) 100vw, 249px\" \/><\/a><\/p>\n<p>Morgen geht es dann weiter und das Ganze wird mit Bilgefarbe gestrichen. Das stinkt dann auch nochmal 20 Stunden und somit werde ich wohl die n\u00e4chsten N\u00e4chte im Salon schlafen m\u00fcssen. Da muss ich mir wohl einen kleinen auf die Lampe gie\u00dfen, damit das klappt.<\/p>\n<p>Bilder vom Werk gibt es dann mit dem n\u00e4chsten Post, wenn alles geklappt hat<\/p>\n<div class=\"pld-like-dislike-wrap pld-template-1\">\r\n    <div class=\"pld-like-wrap  pld-common-wrap\">\r\n    <a href=\"javascript:void(0)\" class=\"pld-like-trigger pld-like-dislike-trigger  \" title=\"gef\u00e4llt mir\" data-post-id=\"4406\" data-trigger-type=\"like\" data-restriction=\"cookie\" data-already-liked=\"0\">\r\n                        <i class=\"fas fa-thumbs-up\"><\/i>\r\n                <\/a>\r\n    <span class=\"pld-like-count-wrap pld-count-wrap\">    <\/span>\r\n<\/div><div class=\"pld-dislike-wrap  pld-common-wrap\">\r\n    <a href=\"javascript:void(0)\" class=\"pld-dislike-trigger pld-like-dislike-trigger  \" title=\"doof\" data-post-id=\"4406\" data-trigger-type=\"dislike\" data-restriction=\"cookie\" data-already-liked=\"0\">\r\n                        <i class=\"fas fa-thumbs-down\"><\/i>\r\n                <\/a>\r\n    <span class=\"pld-dislike-count-wrap pld-count-wrap\"><\/span>\r\n<\/div><\/div>","protected":false},"excerpt":{"rendered":"<p>Fr.,14. Aug.15, Gran Canaria, Tag 440, 2.728 sm Gestern ist Bine nach Hamburg geflogen. F\u00fcr uns hie\u00df das, um 5 Uhr aufzustehen. Da ich immer etwas mehr unter Reisefieber leide, war ich bereits um 4 Uhr wach. Alles lief wie am Sch\u00fcrrchen und auch Bines Transport zum Flughafen war p\u00fcnktlicher als die Maurer am Steg. [&hellip;]<\/p>\n","protected":false},"author":3,"featured_media":0,"comment_status":"open","ping_status":"closed","sticky":false,"template":"","format":"standard","meta":{"footnotes":""},"categories":[41,26,6],"tags":[],"class_list":["post-4406","post","type-post","status-publish","format-standard","hentry","category-gran-canaria","category-spanien","category-afu"],"_links":{"self":[{"href":"https:\/\/atanga.de\/index.php?rest_route=\/wp\/v2\/posts\/4406","targetHints":{"allow":["GET"]}}],"collection":[{"href":"https:\/\/atanga.de\/index.php?rest_route=\/wp\/v2\/posts"}],"about":[{"href":"https:\/\/atanga.de\/index.php?rest_route=\/wp\/v2\/types\/post"}],"author":[{"embeddable":true,"href":"https:\/\/atanga.de\/index.php?rest_route=\/wp\/v2\/users\/3"}],"replies":[{"embeddable":true,"href":"https:\/\/atanga.de\/index.php?rest_route=%2Fwp%2Fv2%2Fcomments&post=4406"}],"version-history":[{"count":7,"href":"https:\/\/atanga.de\/index.php?rest_route=\/wp\/v2\/posts\/4406\/revisions"}],"predecessor-version":[{"id":4491,"href":"https:\/\/atanga.de\/index.php?rest_route=\/wp\/v2\/posts\/4406\/revisions\/4491"}],"wp:attachment":[{"href":"https:\/\/atanga.de\/index.php?rest_route=%2Fwp%2Fv2%2Fmedia&parent=4406"}],"wp:term":[{"taxonomy":"category","embeddable":true,"href":"https:\/\/atanga.de\/index.php?rest_route=%2Fwp%2Fv2%2Fcategories&post=4406"},{"taxonomy":"post_tag","embeddable":true,"href":"https:\/\/atanga.de\/index.php?rest_route=%2Fwp%2Fv2%2Ftags&post=4406"}],"curies":[{"name":"wp","href":"https:\/\/api.w.org\/{rel}","templated":true}]}}