{"id":4445,"date":"2015-08-21T18:58:29","date_gmt":"2015-08-21T18:58:29","guid":{"rendered":"http:\/\/atanga.de\/?p=4445"},"modified":"2015-08-31T19:25:47","modified_gmt":"2015-08-31T19:25:47","slug":"4445","status":"publish","type":"post","link":"https:\/\/atanga.de\/?p=4445","title":{"rendered":"LEDs, Stauraum, Windfahne&#8230;ein Urlaubstag"},"content":{"rendered":"<p>Fr.,21. Aug.15, Gran Canaria, Tag 447, 2.728 sm<\/p>\n<p>Nachdem ich in der letzten Woche ausreichend flei\u00dfig war, habe ich mir f\u00fcr heute mal nichts Gro\u00dfes vorgenommen.<\/p>\n<p>Zwei Schiffe von unserem Liegeplatz entfernt liegt das LED-Shop-Schiff. Hierbei handelt es sich um eine Familie von 3 Personen, die auf ihrem ca. 12m Schiff dauerhaft im Hafen wohnt und dort einen Laden f\u00fcr LEDs betreibt. Man kann sich sicher vorstellen, wieviel Platz da bleibt, wenn Werkstatt und Lager auch auf dem Schiff untergebracht werden m\u00fcssen <img src=\"https:\/\/atanga.de\/wp-content\/plugins\/classic-smilies\/img\/icon_eek.gif\" alt=\":shock:\" class=\"wp-smiley\" style=\"height: 1em; max-height: 1em;\" \/> .<\/p>\n<p>Hier kaufte ich LED Streifen, die ich in die alten Lampen eingeklebt habe. Diese ersetzen und nun die stromfressenden R\u00f6hren von damals. Der Umbau war einfach, da nur die Elektrik f\u00fcr die R\u00f6hren abgeklemmt und der Schalter neu verl\u00f6tet werden\u00a0musste. Der Riesenvorteil dieser Ma\u00dfnahme war jedoch, dass wir so die alten, formsch\u00f6nen und zum Schiff passenden Lampen behalten konnten <img src=\"https:\/\/atanga.de\/wp-content\/plugins\/classic-smilies\/img\/icon_wink.gif\" alt=\";-)\" class=\"wp-smiley\" style=\"height: 1em; max-height: 1em;\" \/> .<\/p>\n\n\t\t<style type=\"text\/css\">\n\t\t\t#gallery-1 {\n\t\t\t\tmargin: auto;\n\t\t\t}\n\t\t\t#gallery-1 .gallery-item {\n\t\t\t\tfloat: left;\n\t\t\t\tmargin-top: 10px;\n\t\t\t\ttext-align: center;\n\t\t\t\twidth: 33%;\n\t\t\t}\n\t\t\t#gallery-1 img {\n\t\t\t\tborder: 2px solid #cfcfcf;\n\t\t\t}\n\t\t\t#gallery-1 .gallery-caption {\n\t\t\t\tmargin-left: 0;\n\t\t\t}\n\t\t\t\/* see gallery_shortcode() in wp-includes\/media.php *\/\n\t\t<\/style>\n\t\t<div id='gallery-1' class='gallery galleryid-4445 gallery-columns-3 gallery-size-thumbnail'><dl class='gallery-item'>\n\t\t\t<dt class='gallery-icon landscape'>\n\t\t\t\t<a class=\"boxersandswipers\" title=\"neue LEDs in der Pantry\" href='https:\/\/atanga.de\/wp-content\/uploads\/2015\/08\/LED.jpg'><img decoding=\"async\" width=\"150\" height=\"150\" src=\"https:\/\/atanga.de\/wp-content\/uploads\/2015\/08\/LED-150x150.jpg\" class=\"attachment-thumbnail size-thumbnail\" alt=\"\" aria-describedby=\"gallery-1-4447\" \/><\/a>\n\t\t\t<\/dt>\n\t\t\t\t<dd class='wp-caption-text gallery-caption' id='gallery-1-4447'>\n\t\t\t\tneue LEDs in der Pantry\n\t\t\t\t<\/dd><\/dl>\n\t\t\t<br style='clear: both' \/>\n\t\t<\/div>\n\n<p>Einfacher gestaltete sich die \u00c4nderung an der Lampe am Navi-Tisch. Hier musste lediglich der alte Leuchtk\u00f6rper gegen den LED Tr\u00e4ger getauscht werden.<\/p>\n<p>Anstatt der normalerweise flie\u00dfenden 2,5 A kommen wir jetzt mit weniger als 1 A aus. Meines Erachtens liefern die Lampen auch ein warmes Wei\u00df, so dass die Speisen nicht aussehen, wie bereits schon einmal gegessen. Hoffentlich sieht Bine das auch so, wenn sie wieder an Bord ist.<\/p>\n<p>Der Salon inklusive Pantry ist somit komplett auf LED umger\u00fcstet.<\/p>\n<p>Das allein war dann aber doch nicht gerade tagf\u00fcllend. Da ich von der Aktion im Achterschiff recht viel Holz \u00fcbrig habe, habe ich daraus einfach mal eine Reserve Windfahne geschnitten. Ob das Material allerdings so gut ist wie das Original wird sich nur auf See testen lassen.<\/p>\n\n\t\t<style type=\"text\/css\">\n\t\t\t#gallery-2 {\n\t\t\t\tmargin: auto;\n\t\t\t}\n\t\t\t#gallery-2 .gallery-item {\n\t\t\t\tfloat: left;\n\t\t\t\tmargin-top: 10px;\n\t\t\t\ttext-align: center;\n\t\t\t\twidth: 33%;\n\t\t\t}\n\t\t\t#gallery-2 img {\n\t\t\t\tborder: 2px solid #cfcfcf;\n\t\t\t}\n\t\t\t#gallery-2 .gallery-caption {\n\t\t\t\tmargin-left: 0;\n\t\t\t}\n\t\t\t\/* see gallery_shortcode() in wp-includes\/media.php *\/\n\t\t<\/style>\n\t\t<div id='gallery-2' class='gallery galleryid-4445 gallery-columns-3 gallery-size-thumbnail'><dl class='gallery-item'>\n\t\t\t<dt class='gallery-icon portrait'>\n\t\t\t\t<a class=\"boxersandswipers\" title=\"Windfahne\" href='https:\/\/atanga.de\/wp-content\/uploads\/2015\/08\/Windfahne.jpg'><img decoding=\"async\" width=\"150\" height=\"150\" src=\"https:\/\/atanga.de\/wp-content\/uploads\/2015\/08\/Windfahne-150x150.jpg\" class=\"attachment-thumbnail size-thumbnail\" alt=\"\" aria-describedby=\"gallery-2-4448\" \/><\/a>\n\t\t\t<\/dt>\n\t\t\t\t<dd class='wp-caption-text gallery-caption' id='gallery-2-4448'>\n\t\t\t\tWindfahne\n\t\t\t\t<\/dd><\/dl>\n\t\t\t<br style='clear: both' \/>\n\t\t<\/div>\n\n<p>\u201eVersuch macht kluch\u201c<\/p>\n<p>\u2026und zu guter Letzt habe ich den neuen Stauraum im Achterschiff in Beschlag genommen und alles f\u00fcr die Rumpfreparatur nun hier verstaut.<\/p>\n\n\t\t<style type=\"text\/css\">\n\t\t\t#gallery-3 {\n\t\t\t\tmargin: auto;\n\t\t\t}\n\t\t\t#gallery-3 .gallery-item {\n\t\t\t\tfloat: left;\n\t\t\t\tmargin-top: 10px;\n\t\t\t\ttext-align: center;\n\t\t\t\twidth: 33%;\n\t\t\t}\n\t\t\t#gallery-3 img {\n\t\t\t\tborder: 2px solid #cfcfcf;\n\t\t\t}\n\t\t\t#gallery-3 .gallery-caption {\n\t\t\t\tmargin-left: 0;\n\t\t\t}\n\t\t\t\/* see gallery_shortcode() in wp-includes\/media.php *\/\n\t\t<\/style>\n\t\t<div id='gallery-3' class='gallery galleryid-4445 gallery-columns-3 gallery-size-thumbnail'><dl class='gallery-item'>\n\t\t\t<dt class='gallery-icon landscape'>\n\t\t\t\t<a class=\"boxersandswipers\" title=\"neuer Stauraum\" href='https:\/\/atanga.de\/wp-content\/uploads\/2015\/08\/Stauraum.jpg'><img decoding=\"async\" width=\"150\" height=\"150\" src=\"https:\/\/atanga.de\/wp-content\/uploads\/2015\/08\/Stauraum-150x150.jpg\" class=\"attachment-thumbnail size-thumbnail\" alt=\"\" aria-describedby=\"gallery-3-4449\" \/><\/a>\n\t\t\t<\/dt>\n\t\t\t\t<dd class='wp-caption-text gallery-caption' id='gallery-3-4449'>\n\t\t\t\tneuer Stauraum\n\t\t\t\t<\/dd><\/dl>\n\t\t\t<br style='clear: both' \/>\n\t\t<\/div>\n\n<p>Im gesamten Achterschiff und in der Pantry kann man sich jetzt wieder bewegen. Alles ist sauber und ordentlich weggestaut. Der vordere Teil des Schiffes kommt dann in den n\u00e4chsten Tagen dran&#8230;.<\/p>\n<p>Wenn Michael von der La Joya nicht noch auf eine Gerstenkaltschale vorbeigekommen w\u00e4re, dann h\u00e4tte ich sicher schon alles fertig gehabt (Gl\u00fcck gehabt).<\/p>\n<div class=\"pld-like-dislike-wrap pld-template-1\">\r\n    <div class=\"pld-like-wrap  pld-common-wrap\">\r\n    <a href=\"javascript:void(0)\" class=\"pld-like-trigger pld-like-dislike-trigger  \" title=\"gef\u00e4llt mir\" data-post-id=\"4445\" data-trigger-type=\"like\" data-restriction=\"cookie\" data-already-liked=\"0\">\r\n                        <i class=\"fas fa-thumbs-up\"><\/i>\r\n                <\/a>\r\n    <span class=\"pld-like-count-wrap pld-count-wrap\">    <\/span>\r\n<\/div><div class=\"pld-dislike-wrap  pld-common-wrap\">\r\n    <a href=\"javascript:void(0)\" class=\"pld-dislike-trigger pld-like-dislike-trigger  \" title=\"doof\" data-post-id=\"4445\" data-trigger-type=\"dislike\" data-restriction=\"cookie\" data-already-liked=\"0\">\r\n                        <i class=\"fas fa-thumbs-down\"><\/i>\r\n                <\/a>\r\n    <span class=\"pld-dislike-count-wrap pld-count-wrap\"><\/span>\r\n<\/div><\/div>","protected":false},"excerpt":{"rendered":"<p>Fr.,21. Aug.15, Gran Canaria, Tag 447, 2.728 sm Nachdem ich in der letzten Woche ausreichend flei\u00dfig war, habe ich mir f\u00fcr heute mal nichts Gro\u00dfes vorgenommen. Zwei Schiffe von unserem Liegeplatz entfernt liegt das LED-Shop-Schiff. Hierbei handelt es sich um eine Familie von 3 Personen, die auf ihrem ca. 12m Schiff dauerhaft im Hafen wohnt [&hellip;]<\/p>\n","protected":false},"author":3,"featured_media":0,"comment_status":"open","ping_status":"closed","sticky":false,"template":"","format":"standard","meta":{"footnotes":""},"categories":[41,26,49],"tags":[],"class_list":["post-4445","post","type-post","status-publish","format-standard","hentry","category-gran-canaria","category-spanien","category-reparaturenrefit"],"_links":{"self":[{"href":"https:\/\/atanga.de\/index.php?rest_route=\/wp\/v2\/posts\/4445","targetHints":{"allow":["GET"]}}],"collection":[{"href":"https:\/\/atanga.de\/index.php?rest_route=\/wp\/v2\/posts"}],"about":[{"href":"https:\/\/atanga.de\/index.php?rest_route=\/wp\/v2\/types\/post"}],"author":[{"embeddable":true,"href":"https:\/\/atanga.de\/index.php?rest_route=\/wp\/v2\/users\/3"}],"replies":[{"embeddable":true,"href":"https:\/\/atanga.de\/index.php?rest_route=%2Fwp%2Fv2%2Fcomments&post=4445"}],"version-history":[{"count":7,"href":"https:\/\/atanga.de\/index.php?rest_route=\/wp\/v2\/posts\/4445\/revisions"}],"predecessor-version":[{"id":4455,"href":"https:\/\/atanga.de\/index.php?rest_route=\/wp\/v2\/posts\/4445\/revisions\/4455"}],"wp:attachment":[{"href":"https:\/\/atanga.de\/index.php?rest_route=%2Fwp%2Fv2%2Fmedia&parent=4445"}],"wp:term":[{"taxonomy":"category","embeddable":true,"href":"https:\/\/atanga.de\/index.php?rest_route=%2Fwp%2Fv2%2Fcategories&post=4445"},{"taxonomy":"post_tag","embeddable":true,"href":"https:\/\/atanga.de\/index.php?rest_route=%2Fwp%2Fv2%2Ftags&post=4445"}],"curies":[{"name":"wp","href":"https:\/\/api.w.org\/{rel}","templated":true}]}}