{"id":4458,"date":"2015-08-23T18:07:56","date_gmt":"2015-08-23T18:07:56","guid":{"rendered":"http:\/\/atanga.de\/?p=4458"},"modified":"2015-08-31T19:26:37","modified_gmt":"2015-08-31T19:26:37","slug":"arcund-warum-ich-sie-nicht-mag","status":"publish","type":"post","link":"https:\/\/atanga.de\/?p=4458","title":{"rendered":"ARC\u2026und warum ich sie nicht mag"},"content":{"rendered":"<p><em>So.,23. Aug.15, Gran Canaria, Tag 449, 2.728 sm<\/em><\/p>\n<p>Die Marina hier in Las Palmas ist voll. Sie ist sogar ziemlich voll. Sie ist so voll, dass es schon etwas \u00dcberredungskunst erforderte, den Marinero im Hafenb\u00fcro davon zu \u00fcberzeugen, unseren Liegeplatz bis zum 21 September zu verl\u00e4ngern. Aber warum ist das so?<\/p>\n<p>\u00dcber die n\u00e4chsten neun Wochen verteilt werden die Teilnehmer der ARC hier erwartet.<\/p>\n<p>ARC steht f\u00fcr Atlantic Ralley for Cruisers und ist die geschickte kommerzielle Verwertung des Unbehagens, das einige Langfahrer versp\u00fcren, wenn sie an die Atlantik\u00fcberquerung denken. Mehr als 200 Teilnehmer hat die ARC, die zusammen in Las Palmas starten.<\/p>\n<p>Die Marina in Las Palmas ist extrem g\u00fcnstig. Kein Wunder, dass der Veranstalter der ARC seine Sch\u00e4fchen hier unterbringen m\u00f6chte, anstatt in die leere Marina von Santa Cruz de Tenerife zu gehen. Zur Erf\u00fcllung dieses Wunsches werden 200+ Boote und ihre Crews aufgefordert die Marina zu verlassen.<\/p>\n<p>Die ARC+ (Saint Lucia via Kapverden) startet erst am 8. November und die eigentliche ARC (Gran Canaria nach Saint Lucia) zwei Wochen sp\u00e4ter. Die Auswirkungen dieses Rudel-Segelns sind in der Marina nicht mehr zu \u00fcbersehen. Einige Segler mussten ihre Boote verlegen, da ihre Pl\u00e4tze f\u00fcr ARC Schiffe vorgesehen sind. So ist auch meinem Nachbarn ergangen. Er musste gestern seinen Platz r\u00e4umen. Der Platz ist immer noch leer und kein Schiff ist in Sicht. Ich sagte ja bereits, dass die Marina voll sei. Das bedeutet nicht, dass alle Pl\u00e4tze belegt sind. Einige Pl\u00e4tze sind schon eine Weile leer\u2026.aber reserviert f\u00fcr ein ARC Schiff\u2026. was noch nicht da ist\u2026.<\/p>\n<p>Ende September ist dann endg\u00fcltig Schluss f\u00fcr alle, die keinen Dauerliegeplatz haben. Sie m\u00fcssen raus. Einige werden aufbrechen, um in anderen Marinas festzumachen, oder in der Bucht vor dem Stadtstrand vor Anker zu gehen. Einige dieser Vertriebenen wollen auch den Atlantik \u00fcberqueren. Daf\u00fcr ist es aber noch zu fr\u00fch. Genau genommen startet selbst die ARC zu fr\u00fch, um sicher nach Beendigung der Hurrikan Saison in der Karibik anzukommen, aber das ist eine andere Geschichte.<\/p>\n<p>Die ortsans\u00e4ssigen H\u00e4ndler reiben sich beim Gedanken an die ARC die H\u00e4nde. Palettenweise kommt neue Ware, die an die eintreffenden Segler gebracht werden will. Selbst aus Deutschland wird sicher der ein oder andere H\u00e4ndler eintreffen, um sich seine Scheibe vom ARC Kuchen abzuschneiden. Sollte beim Sicherheitscheck durch die ARC Beauftragten etwas auffallen, so muss das in Ordnung gebracht werden. Da lacht das H\u00e4ndler Herz, denn der Start Termin steht.<\/p>\n<p>Im Moment erleben wir die Ruhe vor dem Sturm. Einige L\u00e4den haben ihren Personalbestand reduziert und selbst in der Segelmacherei ist niemand, der eine N\u00e4hmaschine bedienen kann. Das ist ungl\u00fccklich, da wir noch eine kleine Reparatur am Vorsegel auf unserer Liste haben.<\/p>\n<p>Diese Veranstaltung bringt Unruhe in die Gemeinde der nicht organisierten Langfahrer und die meisten sind von der ARC und ihren sehr fr\u00fchen Auswirkungen einfach nur genervt\u2026.so auch ich.<\/p>\n<div class=\"pld-like-dislike-wrap pld-template-1\">\r\n    <div class=\"pld-like-wrap  pld-common-wrap\">\r\n    <a href=\"javascript:void(0)\" class=\"pld-like-trigger pld-like-dislike-trigger  \" title=\"gef\u00e4llt mir\" data-post-id=\"4458\" data-trigger-type=\"like\" data-restriction=\"cookie\" data-already-liked=\"0\">\r\n                        <i class=\"fas fa-thumbs-up\"><\/i>\r\n                <\/a>\r\n    <span class=\"pld-like-count-wrap pld-count-wrap\">    <\/span>\r\n<\/div><div class=\"pld-dislike-wrap  pld-common-wrap\">\r\n    <a href=\"javascript:void(0)\" class=\"pld-dislike-trigger pld-like-dislike-trigger  \" title=\"doof\" data-post-id=\"4458\" data-trigger-type=\"dislike\" data-restriction=\"cookie\" data-already-liked=\"0\">\r\n                        <i class=\"fas fa-thumbs-down\"><\/i>\r\n                <\/a>\r\n    <span class=\"pld-dislike-count-wrap pld-count-wrap\"><\/span>\r\n<\/div><\/div>","protected":false},"excerpt":{"rendered":"<p>So.,23. Aug.15, Gran Canaria, Tag 449, 2.728 sm Die Marina hier in Las Palmas ist voll. Sie ist sogar ziemlich voll. Sie ist so voll, dass es schon etwas \u00dcberredungskunst erforderte, den Marinero im Hafenb\u00fcro davon zu \u00fcberzeugen, unseren Liegeplatz bis zum 21 September zu verl\u00e4ngern. Aber warum ist das so? \u00dcber die n\u00e4chsten neun [&hellip;]<\/p>\n","protected":false},"author":3,"featured_media":0,"comment_status":"open","ping_status":"closed","sticky":false,"template":"","format":"standard","meta":{"footnotes":""},"categories":[41,26,45],"tags":[],"class_list":["post-4458","post","type-post","status-publish","format-standard","hentry","category-gran-canaria","category-spanien","category-allgemein"],"_links":{"self":[{"href":"https:\/\/atanga.de\/index.php?rest_route=\/wp\/v2\/posts\/4458","targetHints":{"allow":["GET"]}}],"collection":[{"href":"https:\/\/atanga.de\/index.php?rest_route=\/wp\/v2\/posts"}],"about":[{"href":"https:\/\/atanga.de\/index.php?rest_route=\/wp\/v2\/types\/post"}],"author":[{"embeddable":true,"href":"https:\/\/atanga.de\/index.php?rest_route=\/wp\/v2\/users\/3"}],"replies":[{"embeddable":true,"href":"https:\/\/atanga.de\/index.php?rest_route=%2Fwp%2Fv2%2Fcomments&post=4458"}],"version-history":[{"count":3,"href":"https:\/\/atanga.de\/index.php?rest_route=\/wp\/v2\/posts\/4458\/revisions"}],"predecessor-version":[{"id":4461,"href":"https:\/\/atanga.de\/index.php?rest_route=\/wp\/v2\/posts\/4458\/revisions\/4461"}],"wp:attachment":[{"href":"https:\/\/atanga.de\/index.php?rest_route=%2Fwp%2Fv2%2Fmedia&parent=4458"}],"wp:term":[{"taxonomy":"category","embeddable":true,"href":"https:\/\/atanga.de\/index.php?rest_route=%2Fwp%2Fv2%2Fcategories&post=4458"},{"taxonomy":"post_tag","embeddable":true,"href":"https:\/\/atanga.de\/index.php?rest_route=%2Fwp%2Fv2%2Ftags&post=4458"}],"curies":[{"name":"wp","href":"https:\/\/api.w.org\/{rel}","templated":true}]}}