{"id":4496,"date":"2015-09-03T17:01:51","date_gmt":"2015-09-03T17:01:51","guid":{"rendered":"http:\/\/atanga.de\/?p=4496"},"modified":"2015-09-03T17:01:51","modified_gmt":"2015-09-03T17:01:51","slug":"raeume-der-entspannung-und-wellness-oasen-sind","status":"publish","type":"post","link":"https:\/\/atanga.de\/?p=4496","title":{"rendered":"R\u00e4ume der Entspannung und Wellness-Oasen sind\u2026"},"content":{"rendered":"<p><em>Do.,03. Sep.15, Gran Canaria, Tag 461, 2.728 sm<\/em><\/p>\n<h2><small>\u2026 die Duschen in den Marinas wahrlich nicht.<\/small><\/h2>\n<p>Der Durchschnitts-Deutsche h\u00e4lt sich 39 Minuten t\u00e4glich in seinem Badezimmer auf. M\u00e4nner \u00fcberraschender Weise nur 6 Minuten k\u00fcrzer als Frauen.<br \/>\nBei Neubau und Renovierung wird zunehmend Wert auf Wohlf\u00fchl-Komponenten, wie Whirlpool und Multifunktions-Duschen gelegt.<\/p>\n<p>Von solchen feuchten Tr\u00e4umen sind die sanit\u00e4ren Anlagen in H\u00e4fen weit entfernt.<br \/>\nZu Hause stehen indirekte Beleuchtung, anregende oder entspannende D\u00fcfte und sch\u00f6ne Musik im Vordergrund. Grundlagen f\u00fcr den vollkommenen Genuss von Ganzk\u00f6rper-Peeling und aufregenden Fu\u00dfmassagen.<br \/>\nAuch ich habe so ein sch\u00f6nes Ambiente sehr genossen.<\/p>\n<p>Aber Priorit\u00e4ten verschieben sich, wenn man bereits \u00fcber ein Jahr \u201afremd-duscht\u2018. Selbstverst\u00e4ndlichkeiten, wie Wasser in genau der gew\u00fcnschten Temperatur und in genau der gew\u00fcnschten Menge, sind pl\u00f6tzlich das h\u00f6chste Gut.<br \/>\nWenn ich dann noch an das Wasser gelange ohne Zeitlimit, weil kein M\u00fcnz-Einwurf gnadenlos r\u00fcckw\u00e4rts l\u00e4uft oder ohne, dass ich alle 15 Sekunden einen Knopf dr\u00fccken muss, dann, ja dann, erscheint mir auch das \u00fcbelste Duschloch als Wellness-Tempel.<\/p>\n<p>Sauberkeit ist sch\u00f6n und wird gerne genommen.<br \/>\nIch gehe trotzdem nicht einen Schritt ohne Schlappen an den F\u00fc\u00dfen und versuche auch sonst wenig zu ber\u00fchren.<br \/>\nZum Gl\u00fcck sind Duschvorh\u00e4nge, die sich durch den ber\u00fcchtigten Vorhang-Sog eng an den nackten K\u00f6rper schmiegen k\u00f6nnten, eine Seltenheit.<br \/>\nDa ich sehr kurzsichtig bin, nehme ich unter der Dusche ohne Brille Schmuddeligkeit nur gn\u00e4dig verschwommen wahr.<\/p>\n<p>Dadurch blieben mir auch erste Kakerlaken-Sichtungen, von denen mir glaubhaft von Dusch-Mitstreiterinnen berichtet wurde, bislang verborgen.<\/p>\n<p>Bei Hafen-Duschen, kommt Wohlf\u00fchl-Freude nicht bei heimeligen Kerzenschein auf, sondern wenn Haken und Ablagen vorhanden sind und der Abfluss nicht verstopft ist.<br \/>\nWenn ich bis zu den Kn\u00f6cheln in gestautem Wasser stehe, frage ich mich immer, was da noch alles mit hoch gesp\u00fclt wird. Gott sei Dank rettet mich auch hier meine Kurzsichtigkeit und h\u00e4lt Haarb\u00fcschel und sonstiges Ekelzeug vor mir verborgen.<\/p>\n<h2><small>Duschen in den H\u00e4fen wird zum Erlebnis<\/small><\/h2>\n<p>In Vigo (Galicien) ging die T\u00fcr auf dem Werfgel\u00e4nde zu den M\u00e4dchen-Duschen nicht zu.<br \/>\nDurch Feuchtigkeit verzogen, konnte sie nicht geschlossen werden und der halbe Hafenbetrieb str\u00f6mte daran vorbei.<br \/>\nAls ich dort unter der Dusche mit Vorhang stand, hatte ich sofort Bilder der ber\u00fchmten Dusch-Szene aus Psycho vor Augen. <img src=\"https:\/\/atanga.de\/wp-content\/plugins\/classic-smilies\/img\/icon_eek.gif\" alt=\":shock:\" class=\"wp-smiley\" style=\"height: 1em; max-height: 1em;\" \/> Entspannt duschen geht anders\u2026<\/p>\n<p>Aber das \u00dcbelste an dieser Dusche war, dass der Bewegungsmelder nur f\u00fcr zwei Minuten das Licht anschaltete. Erneute Helligkeit bekam ich nur durch \u201aArme wackeln\u2018 mitten im Raum.<br \/>\nAlso raus aus der Dusche und vor der halb ge\u00f6ffneten Eingangst\u00fcr nackig ein kleines T\u00e4nzchen aufgef\u00fchrt, zur\u00fcck hinter den Vorhang und Psycho meldete sich zur\u00fcck\u2026<\/p>\n<p>Das mit dem Bewegungsmelder ist \u00fcbrigens ein gern gemachter Fehler.<br \/>\nIn Porto ist das Bad quasi ohne Fenster und komplett in anthrazit gestrichen. Da steht man dann in einer black Box, wenn das Licht ausgeht und man freut sich, wenn man nicht auf der Seife ausrutscht, w\u00e4hrend man sich triefnass seinen Weg zum Melder sucht.<\/p>\n<p>Ganz schlimm ist es jetzt auch hier in Las Palmas.<br \/>\nDie Person, die sich das \u00f6rtliche Wasserspar-System ausgedacht hat, m\u00fcsste jeden Tag mit eiskalten Aufg\u00fcssen bestraft werden: Es gibt zwei Kn\u00f6pfe zum Dr\u00fccken. Beide liefern Wasser f\u00fcr ca. 10 Sekunden. Der eine Knopf liefert kochend hei\u00dfes, der andere eiskaltes Wasser.<br \/>\nWenn man sie gemeinsam dr\u00fcckt, ergibt der Mix f\u00fcr genau eine Sekunde Duschwasser, was die richtige Temperatur hat. Den Rest der Zeit ist man besch\u00e4ftigt, um Verbrennungen zweiten Grades oder Erfrierungen zu entkommen.<br \/>\nEs gibt noch die Methode einmal <strong>hei\u00df <\/strong>und zweimal <strong>kalt<\/strong> zu dr\u00fccken. Dann verl\u00e4ngert sich die Zeit der nahezu optimalen Temperatur zwar auf f\u00fcnf Sekunden. Allerdings ist hierf\u00fcr hohe Konzentration und Mitz\u00e4hlen der abgelaufenen Sekunden erforderlich. Dadurch ist an Haare waschen nicht mehr zu denken.<\/p>\n<p>Meinen bisherigen Platz 1 der Duschen, belegt die Wellness-Oase auf La Palma: Holz-Ambiente, angenehmes Licht, so dass einem im Spiegel nicht das fleischgewordene Grauen entgegenblickt, Ablagen, Haken, viel Platz und Sauberkeit.<\/p>\n<p>In der Plazierung weit vorne ist allerdings auch die grauenhafte Dusche in Lissabon.<br \/>\nDie Ecken schwarz verpilkt, an den W\u00e4nden klebende Haare, dazu abgerissene Haken und die gruselige Atmosph\u00e4re eines Dusch-Containers.<br \/>\nWeniger Wellness geht nicht! Aber Wasser zu jeder Tageszeit in der Temperatur und Menge, die mein Herz begehrt.<\/p>\n\n\t\t<style type=\"text\/css\">\n\t\t\t#gallery-1 {\n\t\t\t\tmargin: auto;\n\t\t\t}\n\t\t\t#gallery-1 .gallery-item {\n\t\t\t\tfloat: left;\n\t\t\t\tmargin-top: 10px;\n\t\t\t\ttext-align: center;\n\t\t\t\twidth: 33%;\n\t\t\t}\n\t\t\t#gallery-1 img {\n\t\t\t\tborder: 2px solid #cfcfcf;\n\t\t\t}\n\t\t\t#gallery-1 .gallery-caption {\n\t\t\t\tmargin-left: 0;\n\t\t\t}\n\t\t\t\/* see gallery_shortcode() in wp-includes\/media.php *\/\n\t\t<\/style>\n\t\t<div id='gallery-1' class='gallery galleryid-4496 gallery-columns-3 gallery-size-thumbnail'><dl class='gallery-item'>\n\t\t\t<dt class='gallery-icon landscape'>\n\t\t\t\t<a class=\"boxersandswipers\" title=\"Wohlf\u00fchlen in La Palma\" href='https:\/\/atanga.de\/wp-content\/uploads\/2015\/09\/Dusche-La-Palma.jpg'><img decoding=\"async\" width=\"150\" height=\"150\" src=\"https:\/\/atanga.de\/wp-content\/uploads\/2015\/09\/Dusche-La-Palma-150x150.jpg\" class=\"attachment-thumbnail size-thumbnail\" alt=\"Wohlf\u00fchlen in La Palma\" aria-describedby=\"gallery-1-4497\" \/><\/a>\n\t\t\t<\/dt>\n\t\t\t\t<dd class='wp-caption-text gallery-caption' id='gallery-1-4497'>\n\t\t\t\tWohlf\u00fchlen in La Palma\n\t\t\t\t<\/dd><\/dl><dl class='gallery-item'>\n\t\t\t<dt class='gallery-icon portrait'>\n\t\t\t\t<a class=\"boxersandswipers\" title=\"Teneriffa &#8211; sch\u00f6n, aber kaltes Wasser\" href='https:\/\/atanga.de\/wp-content\/uploads\/2015\/09\/Dusche-Teneriffa.jpg'><img decoding=\"async\" width=\"150\" height=\"150\" src=\"https:\/\/atanga.de\/wp-content\/uploads\/2015\/09\/Dusche-Teneriffa-150x150.jpg\" class=\"attachment-thumbnail size-thumbnail\" alt=\"Teneriffa - sch\u00f6n, aber kaltes Wasser\" aria-describedby=\"gallery-1-4498\" \/><\/a>\n\t\t\t<\/dt>\n\t\t\t\t<dd class='wp-caption-text gallery-caption' id='gallery-1-4498'>\n\t\t\t\tTeneriffa &#8211; sch\u00f6n, aber kaltes Wasser\n\t\t\t\t<\/dd><\/dl><dl class='gallery-item'>\n\t\t\t<dt class='gallery-icon portrait'>\n\t\t\t\t<a class=\"boxersandswipers\" title=\"Horror-Dusche in Lissabon\" href='https:\/\/atanga.de\/wp-content\/uploads\/2015\/09\/Dusche-Lissabon.jpg'><img decoding=\"async\" width=\"150\" height=\"150\" src=\"https:\/\/atanga.de\/wp-content\/uploads\/2015\/09\/Dusche-Lissabon-150x150.jpg\" class=\"attachment-thumbnail size-thumbnail\" alt=\"Horror-Dusche in Lissabon\" aria-describedby=\"gallery-1-4499\" \/><\/a>\n\t\t\t<\/dt>\n\t\t\t\t<dd class='wp-caption-text gallery-caption' id='gallery-1-4499'>\n\t\t\t\tHorror-Dusche in Lissabon\n\t\t\t\t<\/dd><\/dl><br style=\"clear: both\" \/>\n\t\t<\/div>\n\n<div class=\"pld-like-dislike-wrap pld-template-1\">\r\n    <div class=\"pld-like-wrap  pld-common-wrap\">\r\n    <a href=\"javascript:void(0)\" class=\"pld-like-trigger pld-like-dislike-trigger  \" title=\"gef\u00e4llt mir\" data-post-id=\"4496\" data-trigger-type=\"like\" data-restriction=\"cookie\" data-already-liked=\"0\">\r\n                        <i class=\"fas fa-thumbs-up\"><\/i>\r\n                <\/a>\r\n    <span class=\"pld-like-count-wrap pld-count-wrap\">1    <\/span>\r\n<\/div><div class=\"pld-dislike-wrap  pld-common-wrap\">\r\n    <a href=\"javascript:void(0)\" class=\"pld-dislike-trigger pld-like-dislike-trigger  \" title=\"doof\" data-post-id=\"4496\" data-trigger-type=\"dislike\" data-restriction=\"cookie\" data-already-liked=\"0\">\r\n                        <i class=\"fas fa-thumbs-down\"><\/i>\r\n                <\/a>\r\n    <span class=\"pld-dislike-count-wrap pld-count-wrap\"><\/span>\r\n<\/div><\/div>","protected":false},"excerpt":{"rendered":"<p>Do.,03. Sep.15, Gran Canaria, Tag 461, 2.728 sm \u2026 die Duschen in den Marinas wahrlich nicht. Der Durchschnitts-Deutsche h\u00e4lt sich 39 Minuten t\u00e4glich in seinem Badezimmer auf. M\u00e4nner \u00fcberraschender Weise nur 6 Minuten k\u00fcrzer als Frauen. Bei Neubau und Renovierung wird zunehmend Wert auf Wohlf\u00fchl-Komponenten, wie Whirlpool und Multifunktions-Duschen gelegt. Von solchen feuchten Tr\u00e4umen sind [&hellip;]<\/p>\n","protected":false},"author":4,"featured_media":0,"comment_status":"open","ping_status":"closed","sticky":false,"template":"","format":"standard","meta":{"footnotes":""},"categories":[41,26,45],"tags":[],"class_list":["post-4496","post","type-post","status-publish","format-standard","hentry","category-gran-canaria","category-spanien","category-allgemein"],"_links":{"self":[{"href":"https:\/\/atanga.de\/index.php?rest_route=\/wp\/v2\/posts\/4496","targetHints":{"allow":["GET"]}}],"collection":[{"href":"https:\/\/atanga.de\/index.php?rest_route=\/wp\/v2\/posts"}],"about":[{"href":"https:\/\/atanga.de\/index.php?rest_route=\/wp\/v2\/types\/post"}],"author":[{"embeddable":true,"href":"https:\/\/atanga.de\/index.php?rest_route=\/wp\/v2\/users\/4"}],"replies":[{"embeddable":true,"href":"https:\/\/atanga.de\/index.php?rest_route=%2Fwp%2Fv2%2Fcomments&post=4496"}],"version-history":[{"count":1,"href":"https:\/\/atanga.de\/index.php?rest_route=\/wp\/v2\/posts\/4496\/revisions"}],"predecessor-version":[{"id":4500,"href":"https:\/\/atanga.de\/index.php?rest_route=\/wp\/v2\/posts\/4496\/revisions\/4500"}],"wp:attachment":[{"href":"https:\/\/atanga.de\/index.php?rest_route=%2Fwp%2Fv2%2Fmedia&parent=4496"}],"wp:term":[{"taxonomy":"category","embeddable":true,"href":"https:\/\/atanga.de\/index.php?rest_route=%2Fwp%2Fv2%2Fcategories&post=4496"},{"taxonomy":"post_tag","embeddable":true,"href":"https:\/\/atanga.de\/index.php?rest_route=%2Fwp%2Fv2%2Ftags&post=4496"}],"curies":[{"name":"wp","href":"https:\/\/api.w.org\/{rel}","templated":true}]}}