{"id":4599,"date":"2015-09-25T16:48:52","date_gmt":"2015-09-25T16:48:52","guid":{"rendered":"http:\/\/atanga.de\/?p=4599"},"modified":"2015-09-25T16:56:56","modified_gmt":"2015-09-25T16:56:56","slug":"4599","status":"publish","type":"post","link":"https:\/\/atanga.de\/?p=4599","title":{"rendered":"Wir gehen in die Verl\u00e4ngerung"},"content":{"rendered":"<p><em>Di., 22.Sep.15, Gran Canaria, Tag 480, 2.728 sm<\/em><\/p>\n<p>Alle Nicht-ARC-Schiffe werden sp\u00e4testens am 30. September aus dem Hafen geworfen.<br \/>\nMan kann dann vor Anker in die angrenzende Bucht gehen, aber mit einem frisch Knie-Operiertem ist das keine so gute L\u00f6sung.<\/p>\n<p>Unser Aufenthalt l\u00e4uft am 28. September aus, also muss eine Verl\u00e4ngerung f\u00fcr eine Woche her.<\/p>\n<p>Man sollte meinen, dass die Marina-Leute im Jahr 30 der ARC ihren Laden hier im Griff haben sollten. Klingt nicht nach einem unl\u00f6sbaren Problem:<br \/>\nEs existieren 1.250 Liegepl\u00e4tze an Stegen die durchbuchstabiert und Pl\u00e4tze die durchnummeriert sind.<br \/>\nAnhand dieser schlauen Matrix markiert man die Pl\u00e4tze der Dauerlieger, bestimmt welcher Platz f\u00fcr welches ARC Schiff reserviert ist und sieht dann die \u00fcbrig gebliebenen Pl\u00e4tze.<br \/>\nEs ist ja nicht so, dass den Jungs im Office keine Technik zur Verf\u00fcgung st\u00fcnde: Flach-Bildschirme, echte Computer und gro\u00dfe HP Laserdrucker. Alles da.<\/p>\n<p>So wie wir es mitbekommen, regiert in der Organisation das Chaos.<br \/>\nSchiffe werden von einem Steg zum anderen verlegt, ohne dass die L\u00fccke wieder geschlossen wird.<br \/>\nAndere Schiffe d\u00fcrfen nur bis zum 23. September bleiben und werden ohne Angabe von Gr\u00fcnden in die Bucht gejagt. Anschlie\u00dfend sieht man auch hier erst tagelang eine L\u00fccke und statt des erwarteten ARC Schiffes liegt dann dort ein anderer Nicht-Teilnehmer. <img src=\"https:\/\/atanga.de\/wp-content\/plugins\/classic-smilies\/img\/icon_rolleyes.gif\" alt=\":roll:\" class=\"wp-smiley\" style=\"height: 1em; max-height: 1em;\" \/><\/p>\n<p>Unser Spanischer Nachbar musste letztes Jahr selbst als Dauerlieger seinen Platz verlassen,\u00a0sorry Fehlplanung.<br \/>\nEr berichtete, es ging schon so weit, dass Schiffe vom Marina-Personal losgebunden worden sein sollen.<\/p>\n<p>\u00dcber die Jungs im Office h\u00f6rt man die letzten Tage nur, sie seien unfreundlich, \u00fcberfordert, unflexibel und nicht kooperativ.<\/p>\n<p>Mit diesem Wissen im Gep\u00e4ck mache ich mich auf den Weg ins B\u00fcro.<\/p>\n<p>Vor mir sind noch drei weitere Kunden, so dass ich mir meine Taktik \u00fcberlegen kann.<br \/>\nDer mittelalte Herr spricht gut englisch, aber ich entscheide mich daf\u00fcr, ihn auf Spanisch anzusprechen:<br \/>\n&#8222;Hallo, ich hei\u00dfe Sabine. Ich habe ein Problem mit meinem Mann.&#8220;<\/p>\n<p>Ganz bewusst w\u00e4hle ich diese Formulierung und meine Rechnung geht auf.<br \/>\nEr stutzt, denkt ich bin verr\u00fcckt geworden, wirft sich dann in die Brust, grinst und bietet seine Hilfe an.<br \/>\n&#8222;Ein Problem mit deinem Mann? Wie kann ich helfen?&#8220; und grinst mehr&#8230;<\/p>\n<p>Zehn Minuten sp\u00e4ter haben wir, ohne wenn und aber, eine Verl\u00e4ngerung bis 04. Oktober. <img src=\"https:\/\/atanga.de\/wp-content\/plugins\/classic-smilies\/img\/icon_smile.gif\" alt=\":-)\" class=\"wp-smiley\" style=\"height: 1em; max-height: 1em;\" \/><\/p>\n<div class=\"pld-like-dislike-wrap pld-template-1\">\r\n    <div class=\"pld-like-wrap  pld-common-wrap\">\r\n    <a href=\"javascript:void(0)\" class=\"pld-like-trigger pld-like-dislike-trigger  \" title=\"gef\u00e4llt mir\" data-post-id=\"4599\" data-trigger-type=\"like\" data-restriction=\"cookie\" data-already-liked=\"0\">\r\n                        <i class=\"fas fa-thumbs-up\"><\/i>\r\n                <\/a>\r\n    <span class=\"pld-like-count-wrap pld-count-wrap\">1    <\/span>\r\n<\/div><div class=\"pld-dislike-wrap  pld-common-wrap\">\r\n    <a href=\"javascript:void(0)\" class=\"pld-dislike-trigger pld-like-dislike-trigger  \" title=\"doof\" data-post-id=\"4599\" data-trigger-type=\"dislike\" data-restriction=\"cookie\" data-already-liked=\"0\">\r\n                        <i class=\"fas fa-thumbs-down\"><\/i>\r\n                <\/a>\r\n    <span class=\"pld-dislike-count-wrap pld-count-wrap\"><\/span>\r\n<\/div><\/div>","protected":false},"excerpt":{"rendered":"<p>Di., 22.Sep.15, Gran Canaria, Tag 480, 2.728 sm Alle Nicht-ARC-Schiffe werden sp\u00e4testens am 30. September aus dem Hafen geworfen. Man kann dann vor Anker in die angrenzende Bucht gehen, aber mit einem frisch Knie-Operiertem ist das keine so gute L\u00f6sung. Unser Aufenthalt l\u00e4uft am 28. September aus, also muss eine Verl\u00e4ngerung f\u00fcr eine Woche her. [&hellip;]<\/p>\n","protected":false},"author":4,"featured_media":0,"comment_status":"open","ping_status":"closed","sticky":false,"template":"","format":"standard","meta":{"footnotes":""},"categories":[41,26,45],"tags":[],"class_list":["post-4599","post","type-post","status-publish","format-standard","hentry","category-gran-canaria","category-spanien","category-allgemein"],"_links":{"self":[{"href":"https:\/\/atanga.de\/index.php?rest_route=\/wp\/v2\/posts\/4599","targetHints":{"allow":["GET"]}}],"collection":[{"href":"https:\/\/atanga.de\/index.php?rest_route=\/wp\/v2\/posts"}],"about":[{"href":"https:\/\/atanga.de\/index.php?rest_route=\/wp\/v2\/types\/post"}],"author":[{"embeddable":true,"href":"https:\/\/atanga.de\/index.php?rest_route=\/wp\/v2\/users\/4"}],"replies":[{"embeddable":true,"href":"https:\/\/atanga.de\/index.php?rest_route=%2Fwp%2Fv2%2Fcomments&post=4599"}],"version-history":[{"count":7,"href":"https:\/\/atanga.de\/index.php?rest_route=\/wp\/v2\/posts\/4599\/revisions"}],"predecessor-version":[{"id":4606,"href":"https:\/\/atanga.de\/index.php?rest_route=\/wp\/v2\/posts\/4599\/revisions\/4606"}],"wp:attachment":[{"href":"https:\/\/atanga.de\/index.php?rest_route=%2Fwp%2Fv2%2Fmedia&parent=4599"}],"wp:term":[{"taxonomy":"category","embeddable":true,"href":"https:\/\/atanga.de\/index.php?rest_route=%2Fwp%2Fv2%2Fcategories&post=4599"},{"taxonomy":"post_tag","embeddable":true,"href":"https:\/\/atanga.de\/index.php?rest_route=%2Fwp%2Fv2%2Ftags&post=4599"}],"curies":[{"name":"wp","href":"https:\/\/api.w.org\/{rel}","templated":true}]}}