{"id":4621,"date":"2015-10-01T19:27:00","date_gmt":"2015-10-01T19:27:00","guid":{"rendered":"http:\/\/atanga.de\/?p=4621"},"modified":"2015-10-01T19:27:42","modified_gmt":"2015-10-01T19:27:42","slug":"4621","status":"publish","type":"post","link":"https:\/\/atanga.de\/?p=4621","title":{"rendered":"Pl\u00e4ne, \u00c4nderungen, Verschiebungen"},"content":{"rendered":"<p><em>Do., 01. Okt..15, Gran Canaria, Tag 488, 2.728 sm<\/em><\/p>\n<p>Achims Knie wird besser. Die Schwellung ist zur\u00fcck gegangen und die Beweglichkeit nimmt zu. Trotzdem verbringt er viel Zeit unter unserer Sonnenabdeckung im Schatten und \u00fcberlegt wohin er mich denn noch einmal schicken k\u00f6nnte.<br \/>\nDie letzten zwei Wochen bin ich bestimmt Hundert Kilometer Fahrrad gefahren. <img src=\"https:\/\/atanga.de\/wp-content\/plugins\/classic-smilies\/img\/icon_cry.gif\" alt=\":cry:\" class=\"wp-smiley\" style=\"height: 1em; max-height: 1em;\" \/><\/p>\n<p>Nun r\u00fcckt er damit raus, dass er es f\u00fcr sinnvoll erachtet, dass wir f\u00fcr unser gro\u00dfes Vorsegel neue Schoten (T\u00fcttelb\u00e4nder) kaufen sollten.<br \/>\nIn der Marina gibt es nichts passendes also muss ich nach&#8220; <em>El Sebadal<\/em>&#8220; ins Industriegebiet fahren.<\/p>\n<p>Klar, mach ich, gerne&#8230; logisch, da war ich ja auch grad neulich erst&#8230;<\/p>\n<p><em>El Sabadal<\/em> liegt am \u00e4u\u00dfersten Ende der Bucht von Las Palmas.<br \/>\nWarum stehen in jeder Hafenstadt am Ende der Bucht so steile Berge? &#8211; au\u00dfer in Hamburg nat\u00fcrlich, Gr\u00fc\u00dfe an dieser Stelle an die sch\u00f6nste Stadt der Welt.<\/p>\n<p>Die Anfahrt zum ultimativen Baumarkt und Marine-Laden\u00a0von Las Palmas (King Hogar) ist zum radeln zu steil, ich muss schieben.<br \/>\nZur Belohnung f\u00fcr das Erklimmen eines H\u00fcgels erh\u00e4lt man ungeahnte Ausblicke auf den unattraktiven Teil der Stadt.<\/p>\n\n\t\t<style type=\"text\/css\">\n\t\t\t#gallery-1 {\n\t\t\t\tmargin: auto;\n\t\t\t}\n\t\t\t#gallery-1 .gallery-item {\n\t\t\t\tfloat: left;\n\t\t\t\tmargin-top: 10px;\n\t\t\t\ttext-align: center;\n\t\t\t\twidth: 33%;\n\t\t\t}\n\t\t\t#gallery-1 img {\n\t\t\t\tborder: 2px solid #cfcfcf;\n\t\t\t}\n\t\t\t#gallery-1 .gallery-caption {\n\t\t\t\tmargin-left: 0;\n\t\t\t}\n\t\t\t\/* see gallery_shortcode() in wp-includes\/media.php *\/\n\t\t<\/style>\n\t\t<div id='gallery-1' class='gallery galleryid-4621 gallery-columns-3 gallery-size-thumbnail'><dl class='gallery-item'>\n\t\t\t<dt class='gallery-icon landscape'>\n\t\t\t\t<a class=\"boxersandswipers\" title=\"Industrie-Gebiet\" href='https:\/\/atanga.de\/wp-content\/uploads\/2015\/10\/Industrie-Gebiet.jpg'><img decoding=\"async\" width=\"150\" height=\"150\" src=\"https:\/\/atanga.de\/wp-content\/uploads\/2015\/10\/Industrie-Gebiet-150x150.jpg\" class=\"attachment-thumbnail size-thumbnail\" alt=\"Industrie-Gebiet\" aria-describedby=\"gallery-1-4623\" \/><\/a>\n\t\t\t<\/dt>\n\t\t\t\t<dd class='wp-caption-text gallery-caption' id='gallery-1-4623'>\n\t\t\t\tIndustrie-Gebiet\n\t\t\t\t<\/dd><\/dl>\n\t\t\t<br style='clear: both' \/>\n\t\t<\/div>\n\n<p>W\u00e4hrend ich so durch die Stadt hechel, sinnt Achim sich noch weitere Dinge aus:<br \/>\nEr organisiert einen neuen Krantermin f\u00fcr Samstag, hier in Las Palmas.<br \/>\nDann gehen wir, wie urspr\u00fcnglich geplant, drei Tage an Land und\u00a0am Dienstag, den 6. Oktober\u00a0wieder zur\u00fcck ins Wasser.<\/p>\n<p>Da wir nicht direkt vom Kranen in See stechen, sondern noch eine Nacht bleiben wollen, ist es an mir eine weitere Verl\u00e4ngerung f\u00fcr die Marina heraus zu holen.<\/p>\n<p>Diesmal sitzt im B\u00fcro eine Dame hinterm Tresen.<br \/>\nDer Trick <em>&#8218;ich habe ein Problem mit meinem Mann&#8216;<\/em> funktioniert also nicht.<\/p>\n<p>Genau genommen funktioniert gar nichts. (Zicke <img src=\"https:\/\/atanga.de\/wp-content\/plugins\/classic-smilies\/img\/icon_wink.gif\" alt=\";-)\" class=\"wp-smiley\" style=\"height: 1em; max-height: 1em;\" \/> )<br \/>\nNein, sie ist unerbittlich, erst am 6.ten darf ich nach einer Verl\u00e4ngerung um einen Tag fragen.<br \/>\nSo sind die Hafen-Regeln. So sind die ARC-Regeln. Immer nur einen Tag vorher gibt&#8217;s Verl\u00e4ngerung.<br \/>\nIch schwindel ein wenig und fl\u00fcstere etwas von einer Nachuntersuchung im Hospital.<br \/>\nNo go!<\/p>\n<p>Ich gebe mich geschlagen und bin schon fast drau\u00dfen&#8230;<br \/>\nIch dreh um&#8230; einen Versuch starte ich noch: Ich frage sie, was ich mit dem Schiff machen soll, wenn ich am 6.ten eine negative Antwort bekomme w\u00e4hrend mein Mann im Hospital ist?<br \/>\nDas kann sie nicht beantworten, wird unsicher und das Eis ist gebrochen. Sie geht zum Chef und kommt mit meiner gew\u00fcnschten Verl\u00e4ngerung wieder.<\/p>\n<p>Somit bleiben wir nun bis zum Mittwoch-Mittag hier, aber dann sind wir hier wirklich weg. <img src=\"https:\/\/atanga.de\/wp-content\/plugins\/classic-smilies\/img\/icon_smile.gif\" alt=\":-)\" class=\"wp-smiley\" style=\"height: 1em; max-height: 1em;\" \/> Jetzt wird es auch Zeit, denn am 09. Oktober wartet Besuch auf La Gomera auf uns.<em><br \/>\n<\/em><\/p>\n<p>&nbsp;<\/p>\n<div class=\"pld-like-dislike-wrap pld-template-1\">\r\n    <div class=\"pld-like-wrap  pld-common-wrap\">\r\n    <a href=\"javascript:void(0)\" class=\"pld-like-trigger pld-like-dislike-trigger  \" title=\"gef\u00e4llt mir\" data-post-id=\"4621\" data-trigger-type=\"like\" data-restriction=\"cookie\" data-already-liked=\"0\">\r\n                        <i class=\"fas fa-thumbs-up\"><\/i>\r\n                <\/a>\r\n    <span class=\"pld-like-count-wrap pld-count-wrap\">1    <\/span>\r\n<\/div><div class=\"pld-dislike-wrap  pld-common-wrap\">\r\n    <a href=\"javascript:void(0)\" class=\"pld-dislike-trigger pld-like-dislike-trigger  \" title=\"doof\" data-post-id=\"4621\" data-trigger-type=\"dislike\" data-restriction=\"cookie\" data-already-liked=\"0\">\r\n                        <i class=\"fas fa-thumbs-down\"><\/i>\r\n                <\/a>\r\n    <span class=\"pld-dislike-count-wrap pld-count-wrap\"><\/span>\r\n<\/div><\/div>","protected":false},"excerpt":{"rendered":"<p>Do., 01. Okt..15, Gran Canaria, Tag 488, 2.728 sm Achims Knie wird besser. Die Schwellung ist zur\u00fcck gegangen und die Beweglichkeit nimmt zu. Trotzdem verbringt er viel Zeit unter unserer Sonnenabdeckung im Schatten und \u00fcberlegt wohin er mich denn noch einmal schicken k\u00f6nnte. Die letzten zwei Wochen bin ich bestimmt Hundert Kilometer Fahrrad gefahren. Nun [&hellip;]<\/p>\n","protected":false},"author":4,"featured_media":0,"comment_status":"open","ping_status":"closed","sticky":false,"template":"","format":"standard","meta":{"footnotes":""},"categories":[41,26,45],"tags":[],"class_list":["post-4621","post","type-post","status-publish","format-standard","hentry","category-gran-canaria","category-spanien","category-allgemein"],"_links":{"self":[{"href":"https:\/\/atanga.de\/index.php?rest_route=\/wp\/v2\/posts\/4621","targetHints":{"allow":["GET"]}}],"collection":[{"href":"https:\/\/atanga.de\/index.php?rest_route=\/wp\/v2\/posts"}],"about":[{"href":"https:\/\/atanga.de\/index.php?rest_route=\/wp\/v2\/types\/post"}],"author":[{"embeddable":true,"href":"https:\/\/atanga.de\/index.php?rest_route=\/wp\/v2\/users\/4"}],"replies":[{"embeddable":true,"href":"https:\/\/atanga.de\/index.php?rest_route=%2Fwp%2Fv2%2Fcomments&post=4621"}],"version-history":[{"count":3,"href":"https:\/\/atanga.de\/index.php?rest_route=\/wp\/v2\/posts\/4621\/revisions"}],"predecessor-version":[{"id":4625,"href":"https:\/\/atanga.de\/index.php?rest_route=\/wp\/v2\/posts\/4621\/revisions\/4625"}],"wp:attachment":[{"href":"https:\/\/atanga.de\/index.php?rest_route=%2Fwp%2Fv2%2Fmedia&parent=4621"}],"wp:term":[{"taxonomy":"category","embeddable":true,"href":"https:\/\/atanga.de\/index.php?rest_route=%2Fwp%2Fv2%2Fcategories&post=4621"},{"taxonomy":"post_tag","embeddable":true,"href":"https:\/\/atanga.de\/index.php?rest_route=%2Fwp%2Fv2%2Ftags&post=4621"}],"curies":[{"name":"wp","href":"https:\/\/api.w.org\/{rel}","templated":true}]}}