{"id":4626,"date":"2015-10-03T17:06:41","date_gmt":"2015-10-03T17:06:41","guid":{"rendered":"http:\/\/atanga.de\/?p=4626"},"modified":"2015-10-03T17:06:41","modified_gmt":"2015-10-03T17:06:41","slug":"kleine-suenden-bestraft-der-liebe-gott-sofort","status":"publish","type":"post","link":"https:\/\/atanga.de\/?p=4626","title":{"rendered":"Kleine S\u00fcnden bestraft der liebe Gott sofort"},"content":{"rendered":"<p><em>Sa., 03.Okt..15, Gran Canaria, Tag 490, 2.728 sm<\/em><\/p>\n<p>Meine kleine Schwindelei, dass Achim noch mal ins Krankenhaus muss, wird prompt geahndet: Um 9:30 Uhr erfahren wir, dass wir heute doch nicht kranen k\u00f6nnen.<\/p>\n<p>Schiffe, die ins Wasser zur\u00fcck sollten, sind mit ihren Arbeiten nicht fertig geworden.<br \/>\nMontag w\u00e4re erst wieder ein Platz frei. Die Verl\u00e4ngerung\u00a0unseres Liegeplatzes war somit f\u00fcr die Tonne. Wir \u00fcberlegen kurz, ob Montag kranen eine Option w\u00e4re, entscheiden uns aber dagegen.<\/p>\n<p>Achim w\u00e4re, trotz Knie, gerne in Las Palmas aus dem Wasser gegangen, denn unser Unterwasser-Schiff sieht wirklich schlimm aus.<\/p>\n<p>Zudem erweckt die Werft einen professionellen Eindruck. Die haben einen sensationell kr\u00e4ftigen Hochdruck-Reiniger und Roll-Ger\u00fcste zum Arbeiten am \u00dcberwasser-Schiff.<br \/>\n\u00dcber La Gomera steht in unserem maritimen Reisef\u00fchrer (Stand 2010), dass die Gegebenheiten dort &#8218;fragw\u00fcrdig&#8216; seien. Die Werft dort krant \u00fcblicherweise nur Fischerboote und die B\u00f6cke sollen nicht so toll sein.<br \/>\nSobald wir vor Ort sind, schauen wir uns das selber an. Vielleicht hat sich ja etwas getan in den letzten f\u00fcnf Jahren.<\/p>\n<p>Sollte es uns dort allerdings nicht gefallen, so haben wir noch Plan B in der Tasche. Dann segeln wir nach La Palma, nach Tazacorte auf der Westseite. Dort sind die Bedingungen in jedem Fall hervorragend.<\/p>\n<p>Aber nichts ist aber so schlecht, dass es nicht auch f\u00fcr etwas gut ist:<br \/>\nAb Mittwoch soll der Wind wieder kommen, der sich in den letzten acht Tagen als sehr mau und unzuverl\u00e4ssig aus falschen Richtungen gezeigt hat.<br \/>\nUnd Achim kann noch weitere vier Tage sein Knie schonen.<\/p>\n<p>Also f\u00e4llt die Beurteilung meiner kleinen S\u00fcnde wohl in die Kategorie &#8218;belanglos&#8216;.<\/p>\n<div class=\"pld-like-dislike-wrap pld-template-1\">\r\n    <div class=\"pld-like-wrap  pld-common-wrap\">\r\n    <a href=\"javascript:void(0)\" class=\"pld-like-trigger pld-like-dislike-trigger  \" title=\"gef\u00e4llt mir\" data-post-id=\"4626\" data-trigger-type=\"like\" data-restriction=\"cookie\" data-already-liked=\"0\">\r\n                        <i class=\"fas fa-thumbs-up\"><\/i>\r\n                <\/a>\r\n    <span class=\"pld-like-count-wrap pld-count-wrap\">    <\/span>\r\n<\/div><div class=\"pld-dislike-wrap  pld-common-wrap\">\r\n    <a href=\"javascript:void(0)\" class=\"pld-dislike-trigger pld-like-dislike-trigger  \" title=\"doof\" data-post-id=\"4626\" data-trigger-type=\"dislike\" data-restriction=\"cookie\" data-already-liked=\"0\">\r\n                        <i class=\"fas fa-thumbs-down\"><\/i>\r\n                <\/a>\r\n    <span class=\"pld-dislike-count-wrap pld-count-wrap\"><\/span>\r\n<\/div><\/div>","protected":false},"excerpt":{"rendered":"<p>Sa., 03.Okt..15, Gran Canaria, Tag 490, 2.728 sm Meine kleine Schwindelei, dass Achim noch mal ins Krankenhaus muss, wird prompt geahndet: Um 9:30 Uhr erfahren wir, dass wir heute doch nicht kranen k\u00f6nnen. Schiffe, die ins Wasser zur\u00fcck sollten, sind mit ihren Arbeiten nicht fertig geworden. Montag w\u00e4re erst wieder ein Platz frei. Die Verl\u00e4ngerung\u00a0unseres [&hellip;]<\/p>\n","protected":false},"author":4,"featured_media":0,"comment_status":"open","ping_status":"closed","sticky":false,"template":"","format":"standard","meta":{"footnotes":""},"categories":[41,26,45],"tags":[],"class_list":["post-4626","post","type-post","status-publish","format-standard","hentry","category-gran-canaria","category-spanien","category-allgemein"],"_links":{"self":[{"href":"https:\/\/atanga.de\/index.php?rest_route=\/wp\/v2\/posts\/4626","targetHints":{"allow":["GET"]}}],"collection":[{"href":"https:\/\/atanga.de\/index.php?rest_route=\/wp\/v2\/posts"}],"about":[{"href":"https:\/\/atanga.de\/index.php?rest_route=\/wp\/v2\/types\/post"}],"author":[{"embeddable":true,"href":"https:\/\/atanga.de\/index.php?rest_route=\/wp\/v2\/users\/4"}],"replies":[{"embeddable":true,"href":"https:\/\/atanga.de\/index.php?rest_route=%2Fwp%2Fv2%2Fcomments&post=4626"}],"version-history":[{"count":1,"href":"https:\/\/atanga.de\/index.php?rest_route=\/wp\/v2\/posts\/4626\/revisions"}],"predecessor-version":[{"id":4627,"href":"https:\/\/atanga.de\/index.php?rest_route=\/wp\/v2\/posts\/4626\/revisions\/4627"}],"wp:attachment":[{"href":"https:\/\/atanga.de\/index.php?rest_route=%2Fwp%2Fv2%2Fmedia&parent=4626"}],"wp:term":[{"taxonomy":"category","embeddable":true,"href":"https:\/\/atanga.de\/index.php?rest_route=%2Fwp%2Fv2%2Fcategories&post=4626"},{"taxonomy":"post_tag","embeddable":true,"href":"https:\/\/atanga.de\/index.php?rest_route=%2Fwp%2Fv2%2Ftags&post=4626"}],"curies":[{"name":"wp","href":"https:\/\/api.w.org\/{rel}","templated":true}]}}