{"id":4883,"date":"2015-11-15T16:14:32","date_gmt":"2015-11-15T16:14:32","guid":{"rendered":"http:\/\/atanga.de\/?p=4883"},"modified":"2015-11-15T16:23:50","modified_gmt":"2015-11-15T16:23:50","slug":"drei-elemente-am-freitag-den-13","status":"publish","type":"post","link":"https:\/\/atanga.de\/?p=4883","title":{"rendered":"Drei Elemente am Freitag den 13."},"content":{"rendered":"<p><em>Fr., 13.Nov.15, La Palma, Tag 531, 2.895 sm<\/em><\/p>\n<p><strong>Tag 4 an Land<\/strong><\/p>\n<p>Auch ohne, dass es oben dr\u00fcber steht, ist klar zu erkennen, heute ist Freitag der 13.<\/p>\n<p><strong>Luft<br \/>\n<\/strong>Es f\u00e4ngt damit an, dass Calima weht. Calima ist ein kr\u00e4ftiger, hei\u00dfer Wind aus der Sahara, der nicht nur die Temperaturen auf den Kanaren um 10 Grad ansteigen lassen kann, sondern auch noch eine Menge Staub mitbringt.<\/p>\n<p>Es ist heute also affenhei\u00df, deutlich hei\u00dfer als die letzten Tage\u00a0und wir schwitzen uns beim Polieren den Wolf.<\/p>\n<p><strong>Erde<\/strong><br \/>\nDer Staub, den Calima mitbringt ist unangenehm, aber nichts gegen den Typen, der schr\u00e4g gegen\u00fcber\u00a0ein Schiff sandstrahlt.<br \/>\nDas hat er gestern auch schon gemacht, aber\u00a0da gab es keinen\u00a0Calima und der Wind kam aus der richtigen Richtung.<br \/>\nDie Plane, die er als Staubschutz gespannt hat, ist l\u00f6chrig wie ein Fischernetz.<br \/>\nDazu fegen die B\u00f6en prima in die Plane, so dass wir komplett eingenebelt werden. Als die ihm die Plane dann endg\u00fcltig weggefetzt ist, f\u00e4ngt er an den Sand zu schaufeln und zu sieben.<br \/>\nEin W\u00fcstensturm ist ein Witz dagegen, was auf uns zufliegt. Wir sammeln kleine Wanderd\u00fcnen an Deck. <img src=\"https:\/\/atanga.de\/wp-content\/plugins\/classic-smilies\/img\/icon_mrgreen.gif\" alt=\":mrgreen:\" class=\"wp-smiley\" style=\"height: 1em; max-height: 1em;\" \/><\/p>\n\n\t\t<style type=\"text\/css\">\n\t\t\t#gallery-1 {\n\t\t\t\tmargin: auto;\n\t\t\t}\n\t\t\t#gallery-1 .gallery-item {\n\t\t\t\tfloat: left;\n\t\t\t\tmargin-top: 10px;\n\t\t\t\ttext-align: center;\n\t\t\t\twidth: 33%;\n\t\t\t}\n\t\t\t#gallery-1 img {\n\t\t\t\tborder: 2px solid #cfcfcf;\n\t\t\t}\n\t\t\t#gallery-1 .gallery-caption {\n\t\t\t\tmargin-left: 0;\n\t\t\t}\n\t\t\t\/* see gallery_shortcode() in wp-includes\/media.php *\/\n\t\t<\/style>\n\t\t<div id='gallery-1' class='gallery galleryid-4883 gallery-columns-3 gallery-size-thumbnail'><dl class='gallery-item'>\n\t\t\t<dt class='gallery-icon landscape'>\n\t\t\t\t<a class=\"boxersandswipers\" title=\"Unser Freund, der Sandstrahler\" href='https:\/\/atanga.de\/wp-content\/uploads\/2015\/11\/Sandstrahler.jpg'><img decoding=\"async\" width=\"150\" height=\"150\" src=\"https:\/\/atanga.de\/wp-content\/uploads\/2015\/11\/Sandstrahler-150x150.jpg\" class=\"attachment-thumbnail size-thumbnail\" alt=\"Unser Freund, der Sandstrahler\" aria-describedby=\"gallery-1-4884\" \/><\/a>\n\t\t\t<\/dt>\n\t\t\t\t<dd class='wp-caption-text gallery-caption' id='gallery-1-4884'>\n\t\t\t\tUnser Freund, der Sandstrahler\n\t\t\t\t<\/dd><\/dl>\n\t\t\t<br style='clear: both' \/>\n\t\t<\/div>\n\n<p><strong>Wasser<br \/>\n<\/strong>Was w\u00fcnscht man sich nach einem schwei\u00dftreibenden, staubigen Job mehr als eine sch\u00f6ne Dusche? Es gibt dann wohl nichts Angenehmeres&#8230;<\/p>\n<p>H\u00e4tten wir auch gerne gehabt, aber ab Nachmittag ist zeitweise Stromausfall und Wasser gibt es auch keins. Bis zum n\u00e4chsten Morgen nicht.<br \/>\nAn Bord k\u00f6nnen wir auch nicht duschen, da wir ja an Land stehen. Somit bleibt uns nur eine kleine Katzenw\u00e4sche aus dem Eimer. <img src=\"https:\/\/atanga.de\/wp-content\/plugins\/classic-smilies\/img\/icon_wink.gif\" alt=\";-)\" class=\"wp-smiley\" style=\"height: 1em; max-height: 1em;\" \/><br \/>\nSo schmutzig und stinkig passen wir aber gut zum Rest des Schiffes. Es sieht katastrophal unter Deck aus. \u00dcber allem liegt eine feine Staubschicht, hier und da vermischt mit gr\u00f6\u00dferen Brocken.<\/p>\n<p>Damit nicht genug.<br \/>\nHeute ist das, erst gestern bestellte, Lager f\u00fcr unsere Welle eingetroffen.<br \/>\nDas klingt gut. Leider ist das Lager einen Tick zu gro\u00df. Die exakte Gr\u00f6\u00dfe ist wohl nicht lieferbar, somit wird das zu gro\u00dfe Ding an der Drehbank passend gemacht. <img src=\"https:\/\/atanga.de\/wp-content\/plugins\/classic-smilies\/img\/icon_rolleyes.gif\" alt=\":roll:\" class=\"wp-smiley\" style=\"height: 1em; max-height: 1em;\" \/><\/p>\n<p>Am Montag allerdings erst. Das finde ich nun wiederum so schlecht nicht,\u00a0denn dann ist\u00a0Freitag der 13. schon einen Augenblick her.<\/p>\n<p>&nbsp;<\/p>\n<div class=\"pld-like-dislike-wrap pld-template-1\">\r\n    <div class=\"pld-like-wrap  pld-common-wrap\">\r\n    <a href=\"javascript:void(0)\" class=\"pld-like-trigger pld-like-dislike-trigger  \" title=\"gef\u00e4llt mir\" data-post-id=\"4883\" data-trigger-type=\"like\" data-restriction=\"cookie\" data-already-liked=\"0\">\r\n                        <i class=\"fas fa-thumbs-up\"><\/i>\r\n                <\/a>\r\n    <span class=\"pld-like-count-wrap pld-count-wrap\">    <\/span>\r\n<\/div><div class=\"pld-dislike-wrap  pld-common-wrap\">\r\n    <a href=\"javascript:void(0)\" class=\"pld-dislike-trigger pld-like-dislike-trigger  \" title=\"doof\" data-post-id=\"4883\" data-trigger-type=\"dislike\" data-restriction=\"cookie\" data-already-liked=\"0\">\r\n                        <i class=\"fas fa-thumbs-down\"><\/i>\r\n                <\/a>\r\n    <span class=\"pld-dislike-count-wrap pld-count-wrap\"><\/span>\r\n<\/div><\/div>","protected":false},"excerpt":{"rendered":"<p>Fr., 13.Nov.15, La Palma, Tag 531, 2.895 sm Tag 4 an Land Auch ohne, dass es oben dr\u00fcber steht, ist klar zu erkennen, heute ist Freitag der 13. Luft Es f\u00e4ngt damit an, dass Calima weht. Calima ist ein kr\u00e4ftiger, hei\u00dfer Wind aus der Sahara, der nicht nur die Temperaturen auf den Kanaren um 10 [&hellip;]<\/p>\n","protected":false},"author":4,"featured_media":0,"comment_status":"open","ping_status":"closed","sticky":false,"template":"","format":"standard","meta":{"footnotes":""},"categories":[52,26,19],"tags":[],"class_list":["post-4883","post","type-post","status-publish","format-standard","hentry","category-la-palma","category-spanien","category-abschied"],"_links":{"self":[{"href":"https:\/\/atanga.de\/index.php?rest_route=\/wp\/v2\/posts\/4883","targetHints":{"allow":["GET"]}}],"collection":[{"href":"https:\/\/atanga.de\/index.php?rest_route=\/wp\/v2\/posts"}],"about":[{"href":"https:\/\/atanga.de\/index.php?rest_route=\/wp\/v2\/types\/post"}],"author":[{"embeddable":true,"href":"https:\/\/atanga.de\/index.php?rest_route=\/wp\/v2\/users\/4"}],"replies":[{"embeddable":true,"href":"https:\/\/atanga.de\/index.php?rest_route=%2Fwp%2Fv2%2Fcomments&post=4883"}],"version-history":[{"count":8,"href":"https:\/\/atanga.de\/index.php?rest_route=\/wp\/v2\/posts\/4883\/revisions"}],"predecessor-version":[{"id":4892,"href":"https:\/\/atanga.de\/index.php?rest_route=\/wp\/v2\/posts\/4883\/revisions\/4892"}],"wp:attachment":[{"href":"https:\/\/atanga.de\/index.php?rest_route=%2Fwp%2Fv2%2Fmedia&parent=4883"}],"wp:term":[{"taxonomy":"category","embeddable":true,"href":"https:\/\/atanga.de\/index.php?rest_route=%2Fwp%2Fv2%2Fcategories&post=4883"},{"taxonomy":"post_tag","embeddable":true,"href":"https:\/\/atanga.de\/index.php?rest_route=%2Fwp%2Fv2%2Ftags&post=4883"}],"curies":[{"name":"wp","href":"https:\/\/api.w.org\/{rel}","templated":true}]}}