{"id":5521,"date":"2016-03-02T19:43:36","date_gmt":"2016-03-02T19:43:36","guid":{"rendered":"http:\/\/atanga.de\/?p=5521"},"modified":"2016-03-02T19:43:36","modified_gmt":"2016-03-02T19:43:36","slug":"waechst-ja-wieder","status":"publish","type":"post","link":"https:\/\/atanga.de\/?p=5521","title":{"rendered":"W\u00e4chst ja wieder"},"content":{"rendered":"<p>Di., 01..Mrz.16, Franz\u00f6sisch Guyana\/Kourou, Tag 640, 5.573 sm von HH<\/p>\n<p>Ich muss mal wieder zum Friseur.<br \/>\nAn den meisten Salons steht &#8218;mixte&#8216; geschrieben.<br \/>\nOb sich das &#8218;gemischt&#8216; auf Mann und Frau oder auf Krauskopp und Glattbirne bezieht, wei\u00df ich nicht.<br \/>\nEs leben so viele Wei\u00dfe in Kourou, dass ich hoffe, dass auch glatte Haare geschnitten werden k\u00f6nnen.<br \/>\nDie Werbe-Fotos im Schaufenster und in den ausliegenden Zeitschriften sagen was anderes. <img src=\"https:\/\/atanga.de\/wp-content\/plugins\/classic-smilies\/img\/icon_eek.gif\" alt=\":shock:\" class=\"wp-smiley\" style=\"height: 1em; max-height: 1em;\" \/><\/p>\n\n\t\t<style type=\"text\/css\">\n\t\t\t#gallery-1 {\n\t\t\t\tmargin: auto;\n\t\t\t}\n\t\t\t#gallery-1 .gallery-item {\n\t\t\t\tfloat: left;\n\t\t\t\tmargin-top: 10px;\n\t\t\t\ttext-align: center;\n\t\t\t\twidth: 33%;\n\t\t\t}\n\t\t\t#gallery-1 img {\n\t\t\t\tborder: 2px solid #cfcfcf;\n\t\t\t}\n\t\t\t#gallery-1 .gallery-caption {\n\t\t\t\tmargin-left: 0;\n\t\t\t}\n\t\t\t\/* see gallery_shortcode() in wp-includes\/media.php *\/\n\t\t<\/style>\n\t\t<div id='gallery-1' class='gallery galleryid-5521 gallery-columns-3 gallery-size-thumbnail'><dl class='gallery-item'>\n\t\t\t<dt class='gallery-icon landscape'>\n\t\t\t\t<a class=\"boxersandswipers\" title=\"Spickzettel\" href='https:\/\/atanga.de\/wp-content\/uploads\/2016\/03\/Spickzettel.jpg'><img decoding=\"async\" width=\"150\" height=\"150\" src=\"https:\/\/atanga.de\/wp-content\/uploads\/2016\/03\/Spickzettel-150x150.jpg\" class=\"attachment-thumbnail size-thumbnail\" alt=\"Spickzettel\" aria-describedby=\"gallery-1-5523\" \/><\/a>\n\t\t\t<\/dt>\n\t\t\t\t<dd class='wp-caption-text gallery-caption' id='gallery-1-5523'>\n\t\t\t\tSpickzettel\n\t\t\t\t<\/dd><\/dl><dl class='gallery-item'>\n\t\t\t<dt class='gallery-icon portrait'>\n\t\t\t\t<a class=\"boxersandswipers\" title=\"Model im Schaufenster\" href='https:\/\/atanga.de\/wp-content\/uploads\/2016\/03\/Model-Schaufenster.jpg'><img decoding=\"async\" width=\"150\" height=\"150\" src=\"https:\/\/atanga.de\/wp-content\/uploads\/2016\/03\/Model-Schaufenster-150x150.jpg\" class=\"attachment-thumbnail size-thumbnail\" alt=\"Model im Schaufenster\" aria-describedby=\"gallery-1-5522\" \/><\/a>\n\t\t\t<\/dt>\n\t\t\t\t<dd class='wp-caption-text gallery-caption' id='gallery-1-5522'>\n\t\t\t\tModel im Schaufenster\n\t\t\t\t<\/dd><\/dl>\n\t\t\t<br style='clear: both' \/>\n\t\t<\/div>\n\n<p>Sprachlich bin ich mit einem Zettel mit den wichtigsten Floskeln vorbereitet.<br \/>\nUnd ich nehme ein Foto mit.<br \/>\nDies ist von unserer Hochzeit und schon fast 16 Jahre alt, aber als Schnittvorlage sollte es gehen.<\/p>\n<p>In dem Salon meiner Wahl spricht der Chef nur franz\u00f6sisch, findet mich und meinen Zettel zum totlachen komisch, ist schwul und hat ein H\u00e4ndchen f\u00fcr Innendekoration.<br \/>\nAlles ist in schwarz, silber, lila geh\u00fcllt.<\/p>\n<p>Er gibt mir Sam an meine Seite. Eine reizende junge Schwarze.<br \/>\nWenn Worte unsere gemeinsame Sprache w\u00e4ren, ginge es leichter. So m\u00fcssen wir uns mit meinem Zettel, dem Foto und Zeichensprache begn\u00fcgen.<br \/>\nDabei ist sie kreativ. Und schnell haben wir raus, ich m\u00f6chte Volumen am Hinterkopf, den Pony minimal k\u00fcrzer und die gesamte Frisur nicht so kurz wie auf dem Foto.<\/p>\n<p>Sam beginnt.<br \/>\nNass schneiden bekommt bei ihr eine neue Dimension. Von den pitschnassen Haaren l\u00e4uft mir 10 Minuten das Wasser am Hals unter den Umhang.<br \/>\n&#8218;Wella professional&#8216; steht drauf. Auf dem Umhang.<\/p>\n<p>Was Sam macht, erzeugt bei mir den Eindruck von K\u00f6nnen.<br \/>\nHaarpartien werden abgetrennt und hoch geclipt. Und zun\u00e4chst l\u00e4uft alles wie besprochen.<\/p>\n<p>Sie schneidet und schneidet. Mal hinten mal rechts, mal links.<br \/>\nBei jeder Runde schnippelt sie wieder ein St\u00fcckchen mehr. Mal d\u00fcnnt sie die Haare aus, dann wieder schneidet sie die Spitzen fransig.<br \/>\nSie ist nicht zufrieden. Noch einmal rundherum.<br \/>\n&#8218;Nicht so kurz wie auf dem Foto&#8216;, ist bei ihr nicht angekommen.<\/p>\n<p>Beim Friseur habe ich immer das Problem, ohne Brille da sitzen zu m\u00fcssen.<br \/>\nDaher kann ich eher f\u00fchlen als sehen, dass\u00a0 etwas schief geht.<br \/>\nIch habe ein m\u00e4chtiges Gef\u00fchl.<\/p>\n<p>Endlich ist sie fertig.<br \/>\nCharmant dabei. Findet sie doch eine meiner grauen Str\u00e4hnen &#8218;tres chic&#8216;. Sagt sie.\u00a0 <img src=\"https:\/\/atanga.de\/wp-content\/plugins\/classic-smilies\/img\/icon_wink.gif\" alt=\";-)\" class=\"wp-smiley\" style=\"height: 1em; max-height: 1em;\" \/><br \/>\nNun, das Frisuren-Ergebnis an sich kann sich sehen lassen.<br \/>\nLeider ist es mir an den Seiten viel, viel zu kurz geraten.<br \/>\nWarum\u00a0 nur muss ich nur an Meryl Streep in &#8218;<a href=\"http:\/\/www.cinema.de\/film\/ein-schrei-in-der-dunkelheit,1341817.html\" target=\"_blank\">Schrei in der Dunkelheit<\/a>\u00a0denken,\u00a0wenn ich mich im Spiegel sehe.<\/p>\n<p>Macht ja nix, w\u00e4chst ja wieder. <img src=\"https:\/\/atanga.de\/wp-content\/plugins\/classic-smilies\/img\/icon_mrgreen.gif\" alt=\":mrgreen:\" class=\"wp-smiley\" style=\"height: 1em; max-height: 1em;\" \/><\/p>\n<div class=\"pld-like-dislike-wrap pld-template-1\">\r\n    <div class=\"pld-like-wrap  pld-common-wrap\">\r\n    <a href=\"javascript:void(0)\" class=\"pld-like-trigger pld-like-dislike-trigger  \" title=\"gef\u00e4llt mir\" data-post-id=\"5521\" data-trigger-type=\"like\" data-restriction=\"cookie\" data-already-liked=\"0\">\r\n                        <i class=\"fas fa-thumbs-up\"><\/i>\r\n                <\/a>\r\n    <span class=\"pld-like-count-wrap pld-count-wrap\">    <\/span>\r\n<\/div><div class=\"pld-dislike-wrap  pld-common-wrap\">\r\n    <a href=\"javascript:void(0)\" class=\"pld-dislike-trigger pld-like-dislike-trigger  \" title=\"doof\" data-post-id=\"5521\" data-trigger-type=\"dislike\" data-restriction=\"cookie\" data-already-liked=\"0\">\r\n                        <i class=\"fas fa-thumbs-down\"><\/i>\r\n                <\/a>\r\n    <span class=\"pld-dislike-count-wrap pld-count-wrap\"><\/span>\r\n<\/div><\/div>","protected":false},"excerpt":{"rendered":"<p>Di., 01..Mrz.16, Franz\u00f6sisch Guyana\/Kourou, Tag 640, 5.573 sm von HH Ich muss mal wieder zum Friseur. An den meisten Salons steht &#8218;mixte&#8216; geschrieben. Ob sich das &#8218;gemischt&#8216; auf Mann und Frau oder auf Krauskopp und Glattbirne bezieht, wei\u00df ich nicht. Es leben so viele Wei\u00dfe in Kourou, dass ich hoffe, dass auch glatte Haare geschnitten [&hellip;]<\/p>\n","protected":false},"author":4,"featured_media":0,"comment_status":"open","ping_status":"closed","sticky":false,"template":"","format":"standard","meta":{"footnotes":""},"categories":[59,45],"tags":[],"class_list":["post-5521","post","type-post","status-publish","format-standard","hentry","category-franz-guyana","category-allgemein"],"_links":{"self":[{"href":"https:\/\/atanga.de\/index.php?rest_route=\/wp\/v2\/posts\/5521","targetHints":{"allow":["GET"]}}],"collection":[{"href":"https:\/\/atanga.de\/index.php?rest_route=\/wp\/v2\/posts"}],"about":[{"href":"https:\/\/atanga.de\/index.php?rest_route=\/wp\/v2\/types\/post"}],"author":[{"embeddable":true,"href":"https:\/\/atanga.de\/index.php?rest_route=\/wp\/v2\/users\/4"}],"replies":[{"embeddable":true,"href":"https:\/\/atanga.de\/index.php?rest_route=%2Fwp%2Fv2%2Fcomments&post=5521"}],"version-history":[{"count":1,"href":"https:\/\/atanga.de\/index.php?rest_route=\/wp\/v2\/posts\/5521\/revisions"}],"predecessor-version":[{"id":5524,"href":"https:\/\/atanga.de\/index.php?rest_route=\/wp\/v2\/posts\/5521\/revisions\/5524"}],"wp:attachment":[{"href":"https:\/\/atanga.de\/index.php?rest_route=%2Fwp%2Fv2%2Fmedia&parent=5521"}],"wp:term":[{"taxonomy":"category","embeddable":true,"href":"https:\/\/atanga.de\/index.php?rest_route=%2Fwp%2Fv2%2Fcategories&post=5521"},{"taxonomy":"post_tag","embeddable":true,"href":"https:\/\/atanga.de\/index.php?rest_route=%2Fwp%2Fv2%2Ftags&post=5521"}],"curies":[{"name":"wp","href":"https:\/\/api.w.org\/{rel}","templated":true}]}}