{"id":5650,"date":"2016-03-20T19:07:48","date_gmt":"2016-03-20T19:07:48","guid":{"rendered":"http:\/\/atanga.de\/?p=5650"},"modified":"2016-03-20T19:21:00","modified_gmt":"2016-03-20T19:21:00","slug":"wieder-im-knast","status":"publish","type":"post","link":"https:\/\/atanga.de\/?p=5650","title":{"rendered":"Schon wieder im Knast"},"content":{"rendered":"<p><em>Fr., 18.Mrz.16, Saint-Laurent-du-Maroni\/Franz. Guyana, Tag 657, 5.699 sm von HH<\/em><\/p>\n<p>Gleich am ersten Tag nach unserer Ankunft gibt es eine F\u00fchrung auf Englisch durch das Gefangenenlager in St.Laurent-du-Maroni.<br \/>\nDa dies nicht so h\u00e4ufig vorkommt, nutzen wir die Gelegenheit.<br \/>\nErstmalig m\u00fcssen wir in Franz\u00f6sisch Guyana f\u00fcr etwas Eintritt (6,00 EUR) zahlen. Wir haben den Guide aber exklusiv nur f\u00fcr uns.<\/p>\n<p>Zwei, dreimal im Jahr kam eine Schiffsladung mit bis zu 600 M\u00e4nnern in St. Laurent an. Entweder mussten sie hier oder in einem der zwei Dutzend Dschungel-Camps Zwangsarbeit verrichten.<\/p>\n<p>\n\t\t<style type=\"text\/css\">\n\t\t\t#gallery-1 {\n\t\t\t\tmargin: auto;\n\t\t\t}\n\t\t\t#gallery-1 .gallery-item {\n\t\t\t\tfloat: left;\n\t\t\t\tmargin-top: 10px;\n\t\t\t\ttext-align: center;\n\t\t\t\twidth: 33%;\n\t\t\t}\n\t\t\t#gallery-1 img {\n\t\t\t\tborder: 2px solid #cfcfcf;\n\t\t\t}\n\t\t\t#gallery-1 .gallery-caption {\n\t\t\t\tmargin-left: 0;\n\t\t\t}\n\t\t\t\/* see gallery_shortcode() in wp-includes\/media.php *\/\n\t\t<\/style>\n\t\t<div id='gallery-1' class='gallery galleryid-5650 gallery-columns-3 gallery-size-thumbnail'><dl class='gallery-item'>\n\t\t\t<dt class='gallery-icon landscape'>\n\t\t\t\t<a class=\"boxersandswipers\" title=\"Unterk\u00fcnfte\" href='https:\/\/atanga.de\/wp-content\/uploads\/2016\/03\/Unterk\u00fcnfte-f\u00fcr-Zwangsarbeiter.jpg'><img decoding=\"async\" width=\"150\" height=\"150\" src=\"https:\/\/atanga.de\/wp-content\/uploads\/2016\/03\/Unterk\u00fcnfte-f\u00fcr-Zwangsarbeiter-150x150.jpg\" class=\"attachment-thumbnail size-thumbnail\" alt=\"Unterk\u00fcnfte\" aria-describedby=\"gallery-1-5661\" \/><\/a>\n\t\t\t<\/dt>\n\t\t\t\t<dd class='wp-caption-text gallery-caption' id='gallery-1-5661'>\n\t\t\t\tUnterk\u00fcnfte\n\t\t\t\t<\/dd><\/dl><dl class='gallery-item'>\n\t\t\t<dt class='gallery-icon landscape'>\n\t\t\t\t<a class=\"boxersandswipers\" title=\"f\u00fcr Zwangsarbeiter\" href='https:\/\/atanga.de\/wp-content\/uploads\/2016\/03\/f\u00fcr-Zwangsarbeiter.jpg'><img decoding=\"async\" width=\"150\" height=\"150\" src=\"https:\/\/atanga.de\/wp-content\/uploads\/2016\/03\/f\u00fcr-Zwangsarbeiter-150x150.jpg\" class=\"attachment-thumbnail size-thumbnail\" alt=\"f\u00fcr Zwangsarbeiter\" aria-describedby=\"gallery-1-5651\" \/><\/a>\n\t\t\t<\/dt>\n\t\t\t\t<dd class='wp-caption-text gallery-caption' id='gallery-1-5651'>\n\t\t\t\tf\u00fcr Zwangsarbeiter\n\t\t\t\t<\/dd><\/dl>\n\t\t\t<br style='clear: both' \/>\n\t\t<\/div>\n<br \/>\nDie M\u00e4nner, die einen Fluchtversuch unternahmen oder sich anderweitig etwas zu Schulden kommen lie\u00dfen, kamen in das Gef\u00e4ngnis im Gef\u00e4ngnis.<\/p>\n<p>In Zellen, gebaut f\u00fcr 40 Personen, mussten bis zu 80 M\u00e4nner angekettet schlafen und auf ihre Gerichtsverhandlung warten.<br \/>\nTags\u00fcber durften sie sich im schattenlosen Hof aufhalten.<br \/>\nDie malerischen Mango-B\u00e4ume auf den Bildern, sind erst nach Schlie\u00dfung des Gef\u00e4ngnisses gewachsen.<\/p>\n\n\t\t<style type=\"text\/css\">\n\t\t\t#gallery-2 {\n\t\t\t\tmargin: auto;\n\t\t\t}\n\t\t\t#gallery-2 .gallery-item {\n\t\t\t\tfloat: left;\n\t\t\t\tmargin-top: 10px;\n\t\t\t\ttext-align: center;\n\t\t\t\twidth: 33%;\n\t\t\t}\n\t\t\t#gallery-2 img {\n\t\t\t\tborder: 2px solid #cfcfcf;\n\t\t\t}\n\t\t\t#gallery-2 .gallery-caption {\n\t\t\t\tmargin-left: 0;\n\t\t\t}\n\t\t\t\/* see gallery_shortcode() in wp-includes\/media.php *\/\n\t\t<\/style>\n\t\t<div id='gallery-2' class='gallery galleryid-5650 gallery-columns-3 gallery-size-thumbnail'><dl class='gallery-item'>\n\t\t\t<dt class='gallery-icon landscape'>\n\t\t\t\t<a class=\"boxersandswipers\" title=\"schattenloser Hof\" href='https:\/\/atanga.de\/wp-content\/uploads\/2016\/03\/schattenloser-Hof.jpg'><img decoding=\"async\" width=\"150\" height=\"150\" src=\"https:\/\/atanga.de\/wp-content\/uploads\/2016\/03\/schattenloser-Hof-150x150.jpg\" class=\"attachment-thumbnail size-thumbnail\" alt=\"schattenloser Hof\" aria-describedby=\"gallery-2-5657\" \/><\/a>\n\t\t\t<\/dt>\n\t\t\t\t<dd class='wp-caption-text gallery-caption' id='gallery-2-5657'>\n\t\t\t\tschattenloser Hof\n\t\t\t\t<\/dd><\/dl><dl class='gallery-item'>\n\t\t\t<dt class='gallery-icon landscape'>\n\t\t\t\t<a class=\"boxersandswipers\" title=\"Zugang zur Einzelhaft\" href='https:\/\/atanga.de\/wp-content\/uploads\/2016\/03\/Zugang-zur-Einzelhaft.jpg'><img decoding=\"async\" width=\"150\" height=\"150\" src=\"https:\/\/atanga.de\/wp-content\/uploads\/2016\/03\/Zugang-zur-Einzelhaft-150x150.jpg\" class=\"attachment-thumbnail size-thumbnail\" alt=\"Zugang zur Einzelhaft\" aria-describedby=\"gallery-2-5674\" \/><\/a>\n\t\t\t<\/dt>\n\t\t\t\t<dd class='wp-caption-text gallery-caption' id='gallery-2-5674'>\n\t\t\t\tZugang zur Einzelhaft\n\t\t\t\t<\/dd><\/dl>\n\t\t\t<br style='clear: both' \/>\n\t\t<\/div>\n\n<p>&nbsp;<\/p>\n<p>\n\t\t<style type=\"text\/css\">\n\t\t\t#gallery-3 {\n\t\t\t\tmargin: auto;\n\t\t\t}\n\t\t\t#gallery-3 .gallery-item {\n\t\t\t\tfloat: left;\n\t\t\t\tmargin-top: 10px;\n\t\t\t\ttext-align: center;\n\t\t\t\twidth: 33%;\n\t\t\t}\n\t\t\t#gallery-3 img {\n\t\t\t\tborder: 2px solid #cfcfcf;\n\t\t\t}\n\t\t\t#gallery-3 .gallery-caption {\n\t\t\t\tmargin-left: 0;\n\t\t\t}\n\t\t\t\/* see gallery_shortcode() in wp-includes\/media.php *\/\n\t\t<\/style>\n\t\t<div id='gallery-3' class='gallery galleryid-5650 gallery-columns-3 gallery-size-thumbnail'><dl class='gallery-item'>\n\t\t\t<dt class='gallery-icon landscape'>\n\t\t\t\t<a class=\"boxersandswipers\" title=\"Betten im Gemeinschafts-Saal\" href='https:\/\/atanga.de\/wp-content\/uploads\/2016\/03\/Betten-im-Gemeinschafts-Saal.jpg'><img decoding=\"async\" width=\"150\" height=\"150\" src=\"https:\/\/atanga.de\/wp-content\/uploads\/2016\/03\/Betten-im-Gemeinschafts-Saal-150x150.jpg\" class=\"attachment-thumbnail size-thumbnail\" alt=\"Betten im Gemeinschafts-Saal\" aria-describedby=\"gallery-3-5654\" \/><\/a>\n\t\t\t<\/dt>\n\t\t\t\t<dd class='wp-caption-text gallery-caption' id='gallery-3-5654'>\n\t\t\t\tBetten im Gemeinschafts-Saal\n\t\t\t\t<\/dd><\/dl><dl class='gallery-item'>\n\t\t\t<dt class='gallery-icon landscape'>\n\t\t\t\t<a class=\"boxersandswipers\" title=\"Toilette im Gemeinschafts-Saal\" href='https:\/\/atanga.de\/wp-content\/uploads\/2016\/03\/Toilette-im-Gemeinschafts-Saal.jpg'><img decoding=\"async\" width=\"150\" height=\"150\" src=\"https:\/\/atanga.de\/wp-content\/uploads\/2016\/03\/Toilette-im-Gemeinschafts-Saal-150x150.jpg\" class=\"attachment-thumbnail size-thumbnail\" alt=\"Toilette im Gemeinschafts-Saal\" aria-describedby=\"gallery-3-5659\" \/><\/a>\n\t\t\t<\/dt>\n\t\t\t\t<dd class='wp-caption-text gallery-caption' id='gallery-3-5659'>\n\t\t\t\tToilette im Gemeinschafts-Saal\n\t\t\t\t<\/dd><\/dl><dl class='gallery-item'>\n\t\t\t<dt class='gallery-icon landscape'>\n\t\t\t\t<a class=\"boxersandswipers\" title=\"Entleerung direkt in den Hof\" href='https:\/\/atanga.de\/wp-content\/uploads\/2016\/03\/Toilette-mit-Abluss-in-den-Hof.jpg'><img decoding=\"async\" width=\"150\" height=\"150\" src=\"https:\/\/atanga.de\/wp-content\/uploads\/2016\/03\/Toilette-mit-Abluss-in-den-Hof-150x150.jpg\" class=\"attachment-thumbnail size-thumbnail\" alt=\"Entleerung direkt in den Hof\" aria-describedby=\"gallery-3-5660\" \/><\/a>\n\t\t\t<\/dt>\n\t\t\t\t<dd class='wp-caption-text gallery-caption' id='gallery-3-5660'>\n\t\t\t\tEntleerung direkt in den Hof\n\t\t\t\t<\/dd><\/dl><br style=\"clear: both\" \/>\n\t\t<\/div>\n<br \/>\nUnser Guide betont mehrfach, dass das Lager sehr sauber gewesen sei. Alle 4 Jahre wurde es frischgestrichen. Alte Farbschichten an den W\u00e4nden belegen dies.<br \/>\nUm so paradoxer, dass den Str\u00e4flingen nur einmal in der Woche gestattet wurde, sich zu waschen. Nur einmal im Monat die Kleidung.<\/p>\n\n\t\t<style type=\"text\/css\">\n\t\t\t#gallery-4 {\n\t\t\t\tmargin: auto;\n\t\t\t}\n\t\t\t#gallery-4 .gallery-item {\n\t\t\t\tfloat: left;\n\t\t\t\tmargin-top: 10px;\n\t\t\t\ttext-align: center;\n\t\t\t\twidth: 33%;\n\t\t\t}\n\t\t\t#gallery-4 img {\n\t\t\t\tborder: 2px solid #cfcfcf;\n\t\t\t}\n\t\t\t#gallery-4 .gallery-caption {\n\t\t\t\tmargin-left: 0;\n\t\t\t}\n\t\t\t\/* see gallery_shortcode() in wp-includes\/media.php *\/\n\t\t<\/style>\n\t\t<div id='gallery-4' class='gallery galleryid-5650 gallery-columns-3 gallery-size-thumbnail'><dl class='gallery-item'>\n\t\t\t<dt class='gallery-icon landscape'>\n\t\t\t\t<a class=\"boxersandswipers\" title=\"alle vier Jahre eine neue Farbe\" href='https:\/\/atanga.de\/wp-content\/uploads\/2016\/03\/P1260138-neu-e1458500557341.jpg'><img decoding=\"async\" width=\"150\" height=\"150\" src=\"https:\/\/atanga.de\/wp-content\/uploads\/2016\/03\/P1260138-neu-150x150.jpg\" class=\"attachment-thumbnail size-thumbnail\" alt=\"alle vier Jahre eine neue Farbe\" aria-describedby=\"gallery-4-5665\" \/><\/a>\n\t\t\t<\/dt>\n\t\t\t\t<dd class='wp-caption-text gallery-caption' id='gallery-4-5665'>\n\t\t\t\talle vier Jahre eine neue Farbe\n\t\t\t\t<\/dd><\/dl><dl class='gallery-item'>\n\t\t\t<dt class='gallery-icon landscape'>\n\t\t\t\t<a class=\"boxersandswipers\" title=\"Waschplatz f\u00fcr Mensch und Klamotten\" href='https:\/\/atanga.de\/wp-content\/uploads\/2016\/03\/Waschplatz-f\u00fcr-Mensch-und-Klamotten.jpg'><img decoding=\"async\" width=\"150\" height=\"150\" src=\"https:\/\/atanga.de\/wp-content\/uploads\/2016\/03\/Waschplatz-f\u00fcr-Mensch-und-Klamotten-150x150.jpg\" class=\"attachment-thumbnail size-thumbnail\" alt=\"Waschplatz f\u00fcr Mensch und Klamotten\" aria-describedby=\"gallery-4-5662\" \/><\/a>\n\t\t\t<\/dt>\n\t\t\t\t<dd class='wp-caption-text gallery-caption' id='gallery-4-5662'>\n\t\t\t\tWaschplatz f\u00fcr Mensch und Klamotten\n\t\t\t\t<\/dd><\/dl>\n\t\t\t<br style='clear: both' \/>\n\t\t<\/div>\n\n<p>Wer sich nicht benahm, wurde in Einzelhaft gesteckt.<br \/>\nWinzige L\u00f6cher von zwei mal drei Metern. Die Wand neben dem Bett und die ersten 80 cm der umlaufenden W\u00e4nde waren mit Ru\u00df bestrichen.<br \/>\nEs war den Gefangenen verboten, die W\u00e4nde zu ber\u00fchren. Wurde bei der Kontrolle von H\u00e4nden und Kleidung schwarzen Spuren gefunden, zog dies weitere Strafen nach sich. Dadurch war es den Gefangen nicht m\u00f6glich, sich tags\u00fcber sitzend an die Wand zu lehnen.<\/p>\n<p>Wer dadurch noch nicht zu b\u00e4ndigen war, wurde f\u00fcr 48 Stunden mit Fu\u00dffesseln an sein Bett gekettet.<br \/>\nEs gab verschiedene H\u00e4rtegrade der Fessel.<br \/>\nLinker Fu\u00df: Das machte es sehr schwierig, seine Notdurft au\u00dferhalb des Bettes zu verrichten. Beide F\u00fc\u00dfe: Machte es unm\u00f6glich&#8230; <img src=\"https:\/\/atanga.de\/wp-content\/plugins\/classic-smilies\/img\/icon_eek.gif\" alt=\":shock:\" class=\"wp-smiley\" style=\"height: 1em; max-height: 1em;\" \/><br \/>\nBeide F\u00fc\u00dfe erh\u00f6ht: Brachten zus\u00e4tzliche Schmerzen, da das Gewicht der Fu\u00dffesseln von je zwei Kilo auf die Beine dr\u00fcckte.<\/p>\n\n\t\t<style type=\"text\/css\">\n\t\t\t#gallery-5 {\n\t\t\t\tmargin: auto;\n\t\t\t}\n\t\t\t#gallery-5 .gallery-item {\n\t\t\t\tfloat: left;\n\t\t\t\tmargin-top: 10px;\n\t\t\t\ttext-align: center;\n\t\t\t\twidth: 33%;\n\t\t\t}\n\t\t\t#gallery-5 img {\n\t\t\t\tborder: 2px solid #cfcfcf;\n\t\t\t}\n\t\t\t#gallery-5 .gallery-caption {\n\t\t\t\tmargin-left: 0;\n\t\t\t}\n\t\t\t\/* see gallery_shortcode() in wp-includes\/media.php *\/\n\t\t<\/style>\n\t\t<div id='gallery-5' class='gallery galleryid-5650 gallery-columns-3 gallery-size-thumbnail'><dl class='gallery-item'>\n\t\t\t<dt class='gallery-icon landscape'>\n\t\t\t\t<a class=\"boxersandswipers\" title=\"nur links\" href='https:\/\/atanga.de\/wp-content\/uploads\/2016\/03\/nur-links.jpg'><img decoding=\"async\" width=\"150\" height=\"150\" src=\"https:\/\/atanga.de\/wp-content\/uploads\/2016\/03\/nur-links-150x150.jpg\" class=\"attachment-thumbnail size-thumbnail\" alt=\"nur links\" aria-describedby=\"gallery-5-5673\" \/><\/a>\n\t\t\t<\/dt>\n\t\t\t\t<dd class='wp-caption-text gallery-caption' id='gallery-5-5673'>\n\t\t\t\tnur links\n\t\t\t\t<\/dd><\/dl><dl class='gallery-item'>\n\t\t\t<dt class='gallery-icon landscape'>\n\t\t\t\t<a class=\"boxersandswipers\" title=\"F\u00fcsse hoch\" href='https:\/\/atanga.de\/wp-content\/uploads\/2016\/03\/F\u00fcsse-hoch-gelegt.jpg'><img decoding=\"async\" width=\"150\" height=\"150\" src=\"https:\/\/atanga.de\/wp-content\/uploads\/2016\/03\/F\u00fcsse-hoch-gelegt-150x150.jpg\" class=\"attachment-thumbnail size-thumbnail\" alt=\"F\u00fcsse hoch\" aria-describedby=\"gallery-5-5656\" \/><\/a>\n\t\t\t<\/dt>\n\t\t\t\t<dd class='wp-caption-text gallery-caption' id='gallery-5-5656'>\n\t\t\t\tF\u00fcsse hoch \n\t\t\t\t<\/dd><\/dl>\n\t\t\t<br style='clear: both' \/>\n\t\t<\/div>\n\n<p>Selbstverst\u00e4ndlich zog das Ber\u00fchren der geschw\u00e4rzten Wand gefesselte Folgetage nach sich.<\/p>\n<p>In vielen Zellen finden sich Spuren der Verzweiflung an den W\u00e4nden: Strichlisten f\u00fcr die bereits abgesessenen Tage.<\/p>\n<p>\n\t\t<style type=\"text\/css\">\n\t\t\t#gallery-6 {\n\t\t\t\tmargin: auto;\n\t\t\t}\n\t\t\t#gallery-6 .gallery-item {\n\t\t\t\tfloat: left;\n\t\t\t\tmargin-top: 10px;\n\t\t\t\ttext-align: center;\n\t\t\t\twidth: 33%;\n\t\t\t}\n\t\t\t#gallery-6 img {\n\t\t\t\tborder: 2px solid #cfcfcf;\n\t\t\t}\n\t\t\t#gallery-6 .gallery-caption {\n\t\t\t\tmargin-left: 0;\n\t\t\t}\n\t\t\t\/* see gallery_shortcode() in wp-includes\/media.php *\/\n\t\t<\/style>\n\t\t<div id='gallery-6' class='gallery galleryid-5650 gallery-columns-3 gallery-size-thumbnail'><dl class='gallery-item'>\n\t\t\t<dt class='gallery-icon landscape'>\n\t\t\t\t<a class=\"boxersandswipers\" title=\"Tages-Striche\" href='https:\/\/atanga.de\/wp-content\/uploads\/2016\/03\/Tages-Striche.jpg'><img decoding=\"async\" width=\"150\" height=\"150\" src=\"https:\/\/atanga.de\/wp-content\/uploads\/2016\/03\/Tages-Striche-150x150.jpg\" class=\"attachment-thumbnail size-thumbnail\" alt=\"Tages-Striche\" aria-describedby=\"gallery-6-5658\" \/><\/a>\n\t\t\t<\/dt>\n\t\t\t\t<dd class='wp-caption-text gallery-caption' id='gallery-6-5658'>\n\t\t\t\tTages-Striche\n\t\t\t\t<\/dd><\/dl><dl class='gallery-item'>\n\t\t\t<dt class='gallery-icon landscape'>\n\t\t\t\t<a class=\"boxersandswipers\" title=\"Im Todestrakt: Adieu Maman\" href='https:\/\/atanga.de\/wp-content\/uploads\/2016\/03\/Adieu-Maman.jpg'><img decoding=\"async\" width=\"150\" height=\"150\" src=\"https:\/\/atanga.de\/wp-content\/uploads\/2016\/03\/Adieu-Maman-150x150.jpg\" class=\"attachment-thumbnail size-thumbnail\" alt=\"Im Todestrakt: Adieu Maman\" aria-describedby=\"gallery-6-5652\" \/><\/a>\n\t\t\t<\/dt>\n\t\t\t\t<dd class='wp-caption-text gallery-caption' id='gallery-6-5652'>\n\t\t\t\tIm Todestrakt: Adieu Maman\n\t\t\t\t<\/dd><\/dl>\n\t\t\t<br style='clear: both' \/>\n\t\t<\/div>\n<br \/>\nAuf dem Boden der Zelle, in der Papillon einsa\u00df, ist sein Name geritzt. Sogar zweimal.<br \/>\nDas eine soll Original sein, der zweite stammt tats\u00e4chlich von ihm, als er anl\u00e4sslich einer Reportage seine alte Zelle wieder besuchte. Lange nach Schlie\u00dfung des Gef\u00e4ngnisses.<\/p>\n\n\t\t<style type=\"text\/css\">\n\t\t\t#gallery-7 {\n\t\t\t\tmargin: auto;\n\t\t\t}\n\t\t\t#gallery-7 .gallery-item {\n\t\t\t\tfloat: left;\n\t\t\t\tmargin-top: 10px;\n\t\t\t\ttext-align: center;\n\t\t\t\twidth: 33%;\n\t\t\t}\n\t\t\t#gallery-7 img {\n\t\t\t\tborder: 2px solid #cfcfcf;\n\t\t\t}\n\t\t\t#gallery-7 .gallery-caption {\n\t\t\t\tmargin-left: 0;\n\t\t\t}\n\t\t\t\/* see gallery_shortcode() in wp-includes\/media.php *\/\n\t\t<\/style>\n\t\t<div id='gallery-7' class='gallery galleryid-5650 gallery-columns-3 gallery-size-thumbnail'><dl class='gallery-item'>\n\t\t\t<dt class='gallery-icon landscape'>\n\t\t\t\t<a class=\"boxersandswipers\" title=\"Zelle von Papillon\" href='https:\/\/atanga.de\/wp-content\/uploads\/2016\/03\/Zelle-von-Papillon.jpg'><img decoding=\"async\" width=\"150\" height=\"150\" src=\"https:\/\/atanga.de\/wp-content\/uploads\/2016\/03\/Zelle-von-Papillon-150x150.jpg\" class=\"attachment-thumbnail size-thumbnail\" alt=\"Zelle von Papillon\" aria-describedby=\"gallery-7-5663\" \/><\/a>\n\t\t\t<\/dt>\n\t\t\t\t<dd class='wp-caption-text gallery-caption' id='gallery-7-5663'>\n\t\t\t\tZelle von Papillon\n\t\t\t\t<\/dd><\/dl>\n\t\t\t<br style='clear: both' \/>\n\t\t<\/div>\n\n<p>Auf you tube haben wir eine sch\u00f6ne <a href=\"https:\/\/www.youtube.com\/watch?v=yfvKlhznaxI\" target=\"_blank\">Reportage<\/a> \u00fcber diesen Alptraum in der Franz\u00f6sischen Geschichte gefunden.<\/p>\n<div class=\"pld-like-dislike-wrap pld-template-1\">\r\n    <div class=\"pld-like-wrap  pld-common-wrap\">\r\n    <a href=\"javascript:void(0)\" class=\"pld-like-trigger pld-like-dislike-trigger  \" title=\"gef\u00e4llt mir\" data-post-id=\"5650\" data-trigger-type=\"like\" data-restriction=\"cookie\" data-already-liked=\"0\">\r\n                        <i class=\"fas fa-thumbs-up\"><\/i>\r\n                <\/a>\r\n    <span class=\"pld-like-count-wrap pld-count-wrap\">    <\/span>\r\n<\/div><div class=\"pld-dislike-wrap  pld-common-wrap\">\r\n    <a href=\"javascript:void(0)\" class=\"pld-dislike-trigger pld-like-dislike-trigger  \" title=\"doof\" data-post-id=\"5650\" data-trigger-type=\"dislike\" data-restriction=\"cookie\" data-already-liked=\"0\">\r\n                        <i class=\"fas fa-thumbs-down\"><\/i>\r\n                <\/a>\r\n    <span class=\"pld-dislike-count-wrap pld-count-wrap\"><\/span>\r\n<\/div><\/div>","protected":false},"excerpt":{"rendered":"<p>Fr., 18.Mrz.16, Saint-Laurent-du-Maroni\/Franz. Guyana, Tag 657, 5.699 sm von HH Gleich am ersten Tag nach unserer Ankunft gibt es eine F\u00fchrung auf Englisch durch das Gefangenenlager in St.Laurent-du-Maroni. Da dies nicht so h\u00e4ufig vorkommt, nutzen wir die Gelegenheit. Erstmalig m\u00fcssen wir in Franz\u00f6sisch Guyana f\u00fcr etwas Eintritt (6,00 EUR) zahlen. Wir haben den Guide aber [&hellip;]<\/p>\n","protected":false},"author":4,"featured_media":0,"comment_status":"open","ping_status":"closed","sticky":false,"template":"","format":"standard","meta":{"footnotes":""},"categories":[36,59],"tags":[],"class_list":["post-5650","post","type-post","status-publish","format-standard","hentry","category-landausfluege","category-franz-guyana"],"_links":{"self":[{"href":"https:\/\/atanga.de\/index.php?rest_route=\/wp\/v2\/posts\/5650","targetHints":{"allow":["GET"]}}],"collection":[{"href":"https:\/\/atanga.de\/index.php?rest_route=\/wp\/v2\/posts"}],"about":[{"href":"https:\/\/atanga.de\/index.php?rest_route=\/wp\/v2\/types\/post"}],"author":[{"embeddable":true,"href":"https:\/\/atanga.de\/index.php?rest_route=\/wp\/v2\/users\/4"}],"replies":[{"embeddable":true,"href":"https:\/\/atanga.de\/index.php?rest_route=%2Fwp%2Fv2%2Fcomments&post=5650"}],"version-history":[{"count":5,"href":"https:\/\/atanga.de\/index.php?rest_route=\/wp\/v2\/posts\/5650\/revisions"}],"predecessor-version":[{"id":5677,"href":"https:\/\/atanga.de\/index.php?rest_route=\/wp\/v2\/posts\/5650\/revisions\/5677"}],"wp:attachment":[{"href":"https:\/\/atanga.de\/index.php?rest_route=%2Fwp%2Fv2%2Fmedia&parent=5650"}],"wp:term":[{"taxonomy":"category","embeddable":true,"href":"https:\/\/atanga.de\/index.php?rest_route=%2Fwp%2Fv2%2Fcategories&post=5650"},{"taxonomy":"post_tag","embeddable":true,"href":"https:\/\/atanga.de\/index.php?rest_route=%2Fwp%2Fv2%2Ftags&post=5650"}],"curies":[{"name":"wp","href":"https:\/\/api.w.org\/{rel}","templated":true}]}}