{"id":633,"date":"2013-03-23T18:23:49","date_gmt":"2013-03-23T18:23:49","guid":{"rendered":"http:\/\/www.willner-hh.de\/WordPress\/wordpress\/?p=633"},"modified":"2015-03-03T21:13:18","modified_gmt":"2015-03-03T21:13:18","slug":"installation-der-solaranlage","status":"publish","type":"post","link":"https:\/\/atanga.de\/?p=633","title":{"rendered":"Installation der Solaranlage"},"content":{"rendered":"<p>Nun haben wir begonnen, unsere Energieversorgung unabh\u00e4gig von der Steckdose zu gestalten. Das Solar-Panel ist ja bereits installiert.\u00a0Bei der Verkabelung habe ich mich f\u00fcr 2x6mm\u00b2 entschieden und f\u00fcr einen max. 260W mpp Regler.<\/p>\n<p><a class=\"boxersandswipers\" href=\"https:\/\/atanga.de\/wp-content\/uploads\/2011\/12\/Solar_Regler.jpg\"><img decoding=\"async\" class=\"alignnone size-medium wp-image-973\" alt=\"Solar_Regler\" src=\"https:\/\/atanga.de\/wp-content\/uploads\/2011\/12\/Solar_Regler-300x218.jpg\" width=\"300\" height=\"218\" srcset=\"https:\/\/atanga.de\/wp-content\/uploads\/2011\/12\/Solar_Regler-300x218.jpg 300w, https:\/\/atanga.de\/wp-content\/uploads\/2011\/12\/Solar_Regler-624x453.jpg 624w, https:\/\/atanga.de\/wp-content\/uploads\/2011\/12\/Solar_Regler.jpg 800w\" sizes=\"(max-width: 300px) 100vw, 300px\" \/><\/a><\/p>\n<p>Das Panel soll die beiden Hauptbatterien (2x140Ah) und die Starterbatterie laden, wobei der Ladestrom der Starterbatterie auf max. 1A begrenzt ist.<\/p>\n<p>Sollte irgendwann Bedarf bestehen, ein zweites Solarmodul zu installieren, so wird der Regler das auch noch aufnehmen k\u00f6nnen. Dar\u00fcber h\u00e4tten wir aber auch noch eine Ausbaureserve f\u00fcr 150WP \u00fcber den Regler f\u00fcr den Superwind&#8230;.aber dazu sp\u00e4ter mehr, wenn der Propeller\u00a0aufgebaut wird.<\/p>\n<p>Der erste Test ergab eine Spannung von ca. 3V bei abgedecktem Panel (gemessen am Eingang vom Regler). Ohne die Abdeckung waren es dann schon 12V. Zum Laden reicht das zwar nicht, aber wir stehen ja auch in einer relativ dunklen Halle. Der Regler zeigt dabei brav Nachtbetrieb an. Sch\u00f6n w\u00e4re es jetzt aml Licht aufs\u00a0Panel zu bekommen, um auch wirklich Ladestrom zu sehen.<\/p>\n<p>Als n\u00e4chstes steht dann die Installation desr Anzeige an. Dann ist dieses Projekt hoffentlich abgeschlossen.<\/p>\n<div class=\"pld-like-dislike-wrap pld-template-1\">\r\n    <div class=\"pld-like-wrap  pld-common-wrap\">\r\n    <a href=\"javascript:void(0)\" class=\"pld-like-trigger pld-like-dislike-trigger  \" title=\"gef\u00e4llt mir\" data-post-id=\"633\" data-trigger-type=\"like\" data-restriction=\"cookie\" data-already-liked=\"0\">\r\n                        <i class=\"fas fa-thumbs-up\"><\/i>\r\n                <\/a>\r\n    <span class=\"pld-like-count-wrap pld-count-wrap\">    <\/span>\r\n<\/div><div class=\"pld-dislike-wrap  pld-common-wrap\">\r\n    <a href=\"javascript:void(0)\" class=\"pld-dislike-trigger pld-like-dislike-trigger  \" title=\"doof\" data-post-id=\"633\" data-trigger-type=\"dislike\" data-restriction=\"cookie\" data-already-liked=\"0\">\r\n                        <i class=\"fas fa-thumbs-down\"><\/i>\r\n                <\/a>\r\n    <span class=\"pld-dislike-count-wrap pld-count-wrap\"><\/span>\r\n<\/div><\/div>","protected":false},"excerpt":{"rendered":"<p>Nun haben wir begonnen, unsere Energieversorgung unabh\u00e4gig von der Steckdose zu gestalten. Das Solar-Panel ist ja bereits installiert.\u00a0Bei der Verkabelung habe ich mich f\u00fcr 2x6mm\u00b2 entschieden und f\u00fcr einen max. 260W mpp Regler. Das Panel soll die beiden Hauptbatterien (2x140Ah) und die Starterbatterie laden, wobei der Ladestrom der Starterbatterie auf max. 1A begrenzt ist. Sollte [&hellip;]<\/p>\n","protected":false},"author":2,"featured_media":0,"comment_status":"closed","ping_status":"open","sticky":false,"template":"","format":"standard","meta":{"footnotes":""},"categories":[49],"tags":[],"class_list":["post-633","post","type-post","status-publish","format-standard","hentry","category-reparaturenrefit"],"_links":{"self":[{"href":"https:\/\/atanga.de\/index.php?rest_route=\/wp\/v2\/posts\/633","targetHints":{"allow":["GET"]}}],"collection":[{"href":"https:\/\/atanga.de\/index.php?rest_route=\/wp\/v2\/posts"}],"about":[{"href":"https:\/\/atanga.de\/index.php?rest_route=\/wp\/v2\/types\/post"}],"author":[{"embeddable":true,"href":"https:\/\/atanga.de\/index.php?rest_route=\/wp\/v2\/users\/2"}],"replies":[{"embeddable":true,"href":"https:\/\/atanga.de\/index.php?rest_route=%2Fwp%2Fv2%2Fcomments&post=633"}],"version-history":[{"count":2,"href":"https:\/\/atanga.de\/index.php?rest_route=\/wp\/v2\/posts\/633\/revisions"}],"predecessor-version":[{"id":3010,"href":"https:\/\/atanga.de\/index.php?rest_route=\/wp\/v2\/posts\/633\/revisions\/3010"}],"wp:attachment":[{"href":"https:\/\/atanga.de\/index.php?rest_route=%2Fwp%2Fv2%2Fmedia&parent=633"}],"wp:term":[{"taxonomy":"category","embeddable":true,"href":"https:\/\/atanga.de\/index.php?rest_route=%2Fwp%2Fv2%2Fcategories&post=633"},{"taxonomy":"post_tag","embeddable":true,"href":"https:\/\/atanga.de\/index.php?rest_route=%2Fwp%2Fv2%2Ftags&post=633"}],"curies":[{"name":"wp","href":"https:\/\/api.w.org\/{rel}","templated":true}]}}