{"id":6780,"date":"2016-09-03T22:50:07","date_gmt":"2016-09-03T22:50:07","guid":{"rendered":"http:\/\/atanga.de\/?p=6780"},"modified":"2016-10-21T12:43:17","modified_gmt":"2016-10-21T12:43:17","slug":"start-zur-neireds-rally","status":"publish","type":"post","link":"https:\/\/atanga.de\/?p=6780","title":{"rendered":"Start zur Nereid&#8217;s Rally"},"content":{"rendered":"<p><em>So., 04.Sep.16, St. Georges\/Grenada, Tag 827, 6.590 sm von HH<\/em><\/p>\n<p>Offizieller Start ist erst am Montag, wir fahren einfach schon heute los.<br \/>\nIst aber erlaubt.<br \/>\nEs gibt keine Startlinie, es gibt nicht zu gewinnen, somit kann jeder loslegen, wie er will.<\/p>\n<p>Wir sind von 16 teilnehmenden Yachten, die einzige, die auf Grenada h\u00e4ngt.<br \/>\nAlle anderen befinden sich schon auf Tobago und Tobago liegt 90 sm s\u00fcdlich-\u00f6stlich von uns. Das m\u00fcssen wir erst mal wettmachen.<\/p>\n<div id=\"attachment_6783\" style=\"width: 665px\" class=\"wp-caption alignnone\"><img decoding=\"async\" aria-describedby=\"caption-attachment-6783\" class=\"wp-image-6783 size-full\" src=\"https:\/\/atanga.de\/wp-content\/uploads\/2016\/09\/Strecke.jpg\" alt=\"Rally Strecke\" width=\"655\" height=\"544\" srcset=\"https:\/\/atanga.de\/wp-content\/uploads\/2016\/09\/Strecke.jpg 655w, https:\/\/atanga.de\/wp-content\/uploads\/2016\/09\/Strecke-300x249.jpg 300w, https:\/\/atanga.de\/wp-content\/uploads\/2016\/09\/Strecke-624x518.jpg 624w\" sizes=\"(max-width: 655px) 100vw, 655px\" \/><p id=\"caption-attachment-6783\" class=\"wp-caption-text\">Rally Strecke<\/p><\/div>\n<p>Vor uns liegen ca. 400 sm mit einem Kurs, der exakt der vorherrschenden Windrichtung entspricht.<br \/>\nDas k\u00f6nnen wir nicht segeln. <img src=\"https:\/\/atanga.de\/wp-content\/plugins\/classic-smilies\/img\/icon_wink.gif\" alt=\";-)\" class=\"wp-smiley\" style=\"height: 1em; max-height: 1em;\" \/><br \/>\nAlso m\u00fcssen wir zun\u00e4chst knapp 100 sm Richtung Osten gut machen, um dann einen S\u00fcdkurs anlegen zu k\u00f6nnen.<br \/>\nDie Vorhersage f\u00fcr heute sagt Wind mit S\u00fcdkomponente vorher.<br \/>\nDas ist gut, damit k\u00f6nnten wir nach Osten segeln.<br \/>\nStimmt das nicht und der Wind kommt doch aus Osten, werden wir n\u00f6rdlich, irgendwo auf den gro\u00dfen Atlantik, hinaus segeln m\u00fcssen.<\/p>\n<p>Die Vorhersage sagt schwachen Wind vorher.<br \/>\nDas ist schlecht, weil wir dann nur sehr langsam voran kommen. Sollte es dann auch noch in die falsche Richtung sein, kommen wir nie an.<br \/>\nUnser Blister, das Leichtwind-Segel, liegt bereit. Das ist ein bisschen wie Pfeifen im Wald.<\/p>\n<p>Die Str\u00f6mung, die uns vor vier Monaten mit Lichtgeschwindigkeit in die Karibik geblasen hat, die gibt es auch noch. Um diese Jahreszeit zwar schw\u00e4cher, aber 1 bis 2 Knoten Gegenstrom sind zu erwarten.<br \/>\nWas das f\u00fcr uns bedeutet hoch am Wind gegen Welle und Strom zu fahren, dar\u00fcber denken wir lieber nicht nach.<\/p>\n<p>Eine Prognose, wann wir ankommen werden, ist unm\u00f6glich.<br \/>\nWir haben keinen Plan, was uns erwartet. Normal w\u00e4ren f\u00fcr 400 sm vier Tage.<br \/>\nWir rechnen mit sechs bis acht. Das entspr\u00e4che unserer halben Atlantik-\u00dcberquerung. <img src=\"https:\/\/atanga.de\/wp-content\/plugins\/classic-smilies\/img\/icon_eek.gif\" alt=\":shock:\" class=\"wp-smiley\" style=\"height: 1em; max-height: 1em;\" \/><\/p>\n<p>Mit Essen und Trinken sind wir entsprechend pr\u00e4pariert.<br \/>\nDer Rest wird sich zeigen. Wie immer werden wir versuchen von unterwegs t\u00e4glich zu schreiben, wie es uns ergeht.<\/p>\n<p>Daumen dr\u00fccken nicht vergessen!<\/p>\n<div class=\"pld-like-dislike-wrap pld-template-1\">\r\n    <div class=\"pld-like-wrap  pld-common-wrap\">\r\n    <a href=\"javascript:void(0)\" class=\"pld-like-trigger pld-like-dislike-trigger  \" title=\"gef\u00e4llt mir\" data-post-id=\"6780\" data-trigger-type=\"like\" data-restriction=\"cookie\" data-already-liked=\"0\">\r\n                        <i class=\"fas fa-thumbs-up\"><\/i>\r\n                <\/a>\r\n    <span class=\"pld-like-count-wrap pld-count-wrap\">    <\/span>\r\n<\/div><div class=\"pld-dislike-wrap  pld-common-wrap\">\r\n    <a href=\"javascript:void(0)\" class=\"pld-dislike-trigger pld-like-dislike-trigger  \" title=\"doof\" data-post-id=\"6780\" data-trigger-type=\"dislike\" data-restriction=\"cookie\" data-already-liked=\"0\">\r\n                        <i class=\"fas fa-thumbs-down\"><\/i>\r\n                <\/a>\r\n    <span class=\"pld-dislike-count-wrap pld-count-wrap\"><\/span>\r\n<\/div><\/div>","protected":false},"excerpt":{"rendered":"<p>So., 04.Sep.16, St. Georges\/Grenada, Tag 827, 6.590 sm von HH Offizieller Start ist erst am Montag, wir fahren einfach schon heute los. Ist aber erlaubt. Es gibt keine Startlinie, es gibt nicht zu gewinnen, somit kann jeder loslegen, wie er will. Wir sind von 16 teilnehmenden Yachten, die einzige, die auf Grenada h\u00e4ngt. Alle anderen [&hellip;]<\/p>\n","protected":false},"author":4,"featured_media":0,"comment_status":"open","ping_status":"closed","sticky":false,"template":"","format":"standard","meta":{"footnotes":""},"categories":[35,71,62,45,73],"tags":[],"class_list":["post-6780","post","type-post","status-publish","format-standard","hentry","category-auf-see","category-grenada","category-karibik","category-allgemein","category-nereids-rally"],"_links":{"self":[{"href":"https:\/\/atanga.de\/index.php?rest_route=\/wp\/v2\/posts\/6780","targetHints":{"allow":["GET"]}}],"collection":[{"href":"https:\/\/atanga.de\/index.php?rest_route=\/wp\/v2\/posts"}],"about":[{"href":"https:\/\/atanga.de\/index.php?rest_route=\/wp\/v2\/types\/post"}],"author":[{"embeddable":true,"href":"https:\/\/atanga.de\/index.php?rest_route=\/wp\/v2\/users\/4"}],"replies":[{"embeddable":true,"href":"https:\/\/atanga.de\/index.php?rest_route=%2Fwp%2Fv2%2Fcomments&post=6780"}],"version-history":[{"count":3,"href":"https:\/\/atanga.de\/index.php?rest_route=\/wp\/v2\/posts\/6780\/revisions"}],"predecessor-version":[{"id":6788,"href":"https:\/\/atanga.de\/index.php?rest_route=\/wp\/v2\/posts\/6780\/revisions\/6788"}],"wp:attachment":[{"href":"https:\/\/atanga.de\/index.php?rest_route=%2Fwp%2Fv2%2Fmedia&parent=6780"}],"wp:term":[{"taxonomy":"category","embeddable":true,"href":"https:\/\/atanga.de\/index.php?rest_route=%2Fwp%2Fv2%2Fcategories&post=6780"},{"taxonomy":"post_tag","embeddable":true,"href":"https:\/\/atanga.de\/index.php?rest_route=%2Fwp%2Fv2%2Ftags&post=6780"}],"curies":[{"name":"wp","href":"https:\/\/api.w.org\/{rel}","templated":true}]}}