{"id":76235,"date":"2016-12-15T00:25:59","date_gmt":"2016-12-15T00:25:59","guid":{"rendered":"http:\/\/atanga.de\/?p=76235"},"modified":"2016-12-16T00:48:46","modified_gmt":"2016-12-16T00:48:46","slug":"unnuetze-inseln","status":"publish","type":"post","link":"https:\/\/atanga.de\/?p=76235","title":{"rendered":"Unn\u00fctze Inseln"},"content":{"rendered":"<p><em>Di., 13.Dez.16, Bonaire, Kralendijk, Tag 928, 8.715 sm von HH<\/em><\/p>\n<p>&#8222;Unn\u00fctze Inseln&#8220; soll Vespucci und \u00fcber Bonaire verlauten lassen haben, als er die Insel 1499\u00a0f\u00fcr Spanier in Besitz genommen hat.<\/p>\n<p>&#8222;Unn\u00fctze Insel&#8220;, dr\u00e4ngt sich sofort in den Kopf, wenn man den S\u00fcden von Bonaire abf\u00e4hrt. Flach, kaum Bewuchs, nur ein paar Divi-Divi B\u00e4ume beugen sich dem Passat.<br \/>\nLandwirtschaft ist nicht m\u00f6glich. Das einzige, was hier geerntet werden kann, ist Salz.<\/p>\n\n\t\t<style type=\"text\/css\">\n\t\t\t#gallery-1 {\n\t\t\t\tmargin: auto;\n\t\t\t}\n\t\t\t#gallery-1 .gallery-item {\n\t\t\t\tfloat: left;\n\t\t\t\tmargin-top: 10px;\n\t\t\t\ttext-align: center;\n\t\t\t\twidth: 25%;\n\t\t\t}\n\t\t\t#gallery-1 img {\n\t\t\t\tborder: 2px solid #cfcfcf;\n\t\t\t}\n\t\t\t#gallery-1 .gallery-caption {\n\t\t\t\tmargin-left: 0;\n\t\t\t}\n\t\t\t\/* see gallery_shortcode() in wp-includes\/media.php *\/\n\t\t<\/style>\n\t\t<div id='gallery-1' class='gallery galleryid-76235 gallery-columns-4 gallery-size-thumbnail'><dl class='gallery-item'>\n\t\t\t<dt class='gallery-icon landscape'>\n\t\t\t\t<a class=\"boxersandswipers\" title=\"unn\u00fctze Insel\" href='https:\/\/atanga.de\/wp-content\/uploads\/2016\/12\/unn\u00fctze-Insel.jpg'><img decoding=\"async\" width=\"150\" height=\"150\" src=\"https:\/\/atanga.de\/wp-content\/uploads\/2016\/12\/unn\u00fctze-Insel-150x150.jpg\" class=\"attachment-thumbnail size-thumbnail\" alt=\"unn\u00fctze Insel\" aria-describedby=\"gallery-1-76262\" \/><\/a>\n\t\t\t<\/dt>\n\t\t\t\t<dd class='wp-caption-text gallery-caption' id='gallery-1-76262'>\n\t\t\t\tunn\u00fctze Insel\n\t\t\t\t<\/dd><\/dl><dl class='gallery-item'>\n\t\t\t<dt class='gallery-icon landscape'>\n\t\t\t\t<a class=\"boxersandswipers\" title=\"noch mehr unn\u00fctze Insel\" href='https:\/\/atanga.de\/wp-content\/uploads\/2016\/12\/noch-mehr-unn\u00fctze-insel.jpg'><img decoding=\"async\" width=\"150\" height=\"150\" src=\"https:\/\/atanga.de\/wp-content\/uploads\/2016\/12\/noch-mehr-unn\u00fctze-insel-150x150.jpg\" class=\"attachment-thumbnail size-thumbnail\" alt=\"noch mehr unn\u00fctze Insel\" aria-describedby=\"gallery-1-76261\" \/><\/a>\n\t\t\t<\/dt>\n\t\t\t\t<dd class='wp-caption-text gallery-caption' id='gallery-1-76261'>\n\t\t\t\tnoch mehr unn\u00fctze Insel\n\t\t\t\t<\/dd><\/dl><dl class='gallery-item'>\n\t\t\t<dt class='gallery-icon landscape'>\n\t\t\t\t<a class=\"boxersandswipers\" title=\"Divi-Divi Baum\" href='https:\/\/atanga.de\/wp-content\/uploads\/2016\/12\/Divi-Divi-Baum.jpg'><img decoding=\"async\" width=\"150\" height=\"150\" src=\"https:\/\/atanga.de\/wp-content\/uploads\/2016\/12\/Divi-Divi-Baum-150x150.jpg\" class=\"attachment-thumbnail size-thumbnail\" alt=\"Divi-Divi Baum\" aria-describedby=\"gallery-1-81653\" \/><\/a>\n\t\t\t<\/dt>\n\t\t\t\t<dd class='wp-caption-text gallery-caption' id='gallery-1-81653'>\n\t\t\t\tDivi-Divi Baum\n\t\t\t\t<\/dd><\/dl>\n\t\t\t<br style='clear: both' \/>\n\t\t<\/div>\n\n<p>Das erkannten bereits\u00a0vor knapp 400\u00a0Jahren die Holl\u00e4nder, die den Spanien die &#8218;unn\u00fctzen Inseln&#8216; wieder abnahmen.<br \/>\nDer Hunger nach Salz war bei den Holl\u00e4ndern gro\u00df. Sind sie doch die Erfinder des Matjes, der in Salzlake haltbar gemacht wird. Und Produktion von Delfter Porzellan verschlingt ebenfalls Massen an Salz.<\/p>\n<p>In den nat\u00fcrlichen Salzseen auf Bonaire legte man Salinen an aus denen bis heute qualitativ hochwertiges Meersalz geerntet wird.<br \/>\nFr\u00fcher war dies Sklavenarbeit. Die Sklaven wohnten in winzigen H\u00fctten, kaum gr\u00f6\u00dfer als unser kleiner &#8218;Kia&#8216;. Die H\u00fctten stehen entlang der Salzstra\u00dfe und sind perfekt renoviert. Gestrichen im unvermeidlichen Bonaire-Insel-Ocker-Gelb.<\/p>\n\n\t\t<style type=\"text\/css\">\n\t\t\t#gallery-2 {\n\t\t\t\tmargin: auto;\n\t\t\t}\n\t\t\t#gallery-2 .gallery-item {\n\t\t\t\tfloat: left;\n\t\t\t\tmargin-top: 10px;\n\t\t\t\ttext-align: center;\n\t\t\t\twidth: 33%;\n\t\t\t}\n\t\t\t#gallery-2 img {\n\t\t\t\tborder: 2px solid #cfcfcf;\n\t\t\t}\n\t\t\t#gallery-2 .gallery-caption {\n\t\t\t\tmargin-left: 0;\n\t\t\t}\n\t\t\t\/* see gallery_shortcode() in wp-includes\/media.php *\/\n\t\t<\/style>\n\t\t<div id='gallery-2' class='gallery galleryid-76235 gallery-columns-3 gallery-size-thumbnail'><dl class='gallery-item'>\n\t\t\t<dt class='gallery-icon landscape'>\n\t\t\t\t<a class=\"boxersandswipers\" title=\"Sklavenh\u00fctten, klein wie ein Kia\" href='https:\/\/atanga.de\/wp-content\/uploads\/2016\/12\/Sklavenh\u00fctten-klein-wie-ein-Kia.jpg'><img decoding=\"async\" width=\"150\" height=\"150\" src=\"https:\/\/atanga.de\/wp-content\/uploads\/2016\/12\/Sklavenh\u00fctten-klein-wie-ein-Kia-150x150.jpg\" class=\"attachment-thumbnail size-thumbnail\" alt=\"Sklavenh\u00fctten, klein wie ein Kia\" aria-describedby=\"gallery-2-76287\" \/><\/a>\n\t\t\t<\/dt>\n\t\t\t\t<dd class='wp-caption-text gallery-caption' id='gallery-2-76287'>\n\t\t\t\tSklavenh\u00fctten, klein wie ein Kia\n\t\t\t\t<\/dd><\/dl><dl class='gallery-item'>\n\t\t\t<dt class='gallery-icon landscape'>\n\t\t\t\t<a class=\"boxersandswipers\" title=\"H\u00fctte, nicht restauriert\" href='https:\/\/atanga.de\/wp-content\/uploads\/2016\/12\/Sklavenh\u00fctten-nicht-restauriert.jpg'><img decoding=\"async\" width=\"150\" height=\"150\" src=\"https:\/\/atanga.de\/wp-content\/uploads\/2016\/12\/Sklavenh\u00fctten-nicht-restauriert-150x150.jpg\" class=\"attachment-thumbnail size-thumbnail\" alt=\"H\u00fctte, nicht restauriert\" aria-describedby=\"gallery-2-76288\" \/><\/a>\n\t\t\t<\/dt>\n\t\t\t\t<dd class='wp-caption-text gallery-caption' id='gallery-2-76288'>\n\t\t\t\tH\u00fctte, nicht restauriert\n\t\t\t\t<\/dd><\/dl>\n\t\t\t<br style='clear: both' \/>\n\t\t<\/div>\n\n<p>Heute \u00fcbernehmen die schwere Arbeit gro\u00dfe Raupen und das Salzschiff wird \u00fcber ein modernes Loren-System beladen.<\/p>\n\n\t\t<style type=\"text\/css\">\n\t\t\t#gallery-3 {\n\t\t\t\tmargin: auto;\n\t\t\t}\n\t\t\t#gallery-3 .gallery-item {\n\t\t\t\tfloat: left;\n\t\t\t\tmargin-top: 10px;\n\t\t\t\ttext-align: center;\n\t\t\t\twidth: 33%;\n\t\t\t}\n\t\t\t#gallery-3 img {\n\t\t\t\tborder: 2px solid #cfcfcf;\n\t\t\t}\n\t\t\t#gallery-3 .gallery-caption {\n\t\t\t\tmargin-left: 0;\n\t\t\t}\n\t\t\t\/* see gallery_shortcode() in wp-includes\/media.php *\/\n\t\t<\/style>\n\t\t<div id='gallery-3' class='gallery galleryid-76235 gallery-columns-3 gallery-size-thumbnail'><dl class='gallery-item'>\n\t\t\t<dt class='gallery-icon landscape'>\n\t\t\t\t<a class=\"boxersandswipers\" title=\"Salzberge\" href='https:\/\/atanga.de\/wp-content\/uploads\/2016\/12\/Salzberge-1.jpg'><img decoding=\"async\" width=\"150\" height=\"150\" src=\"https:\/\/atanga.de\/wp-content\/uploads\/2016\/12\/Salzberge-1-150x150.jpg\" class=\"attachment-thumbnail size-thumbnail\" alt=\"Salzberge\" aria-describedby=\"gallery-3-76314\" \/><\/a>\n\t\t\t<\/dt>\n\t\t\t\t<dd class='wp-caption-text gallery-caption' id='gallery-3-76314'>\n\t\t\t\tSalzberge\n\t\t\t\t<\/dd><\/dl><dl class='gallery-item'>\n\t\t\t<dt class='gallery-icon landscape'>\n\t\t\t\t<a class=\"boxersandswipers\" title=\"und ihr moderner Abtransport\" href='https:\/\/atanga.de\/wp-content\/uploads\/2016\/12\/Abtransport-Salz.jpg'><img decoding=\"async\" width=\"150\" height=\"150\" src=\"https:\/\/atanga.de\/wp-content\/uploads\/2016\/12\/Abtransport-Salz-150x150.jpg\" class=\"attachment-thumbnail size-thumbnail\" alt=\"und ihr moderner Abtransport\" aria-describedby=\"gallery-3-76315\" \/><\/a>\n\t\t\t<\/dt>\n\t\t\t\t<dd class='wp-caption-text gallery-caption' id='gallery-3-76315'>\n\t\t\t\tund ihr moderner Abtransport\n\t\t\t\t<\/dd><\/dl>\n\t\t\t<br style='clear: both' \/>\n\t\t<\/div>\n\n<p>Eine karge, unwirtliche Landschaft, die allerdings Flamingos ein gro\u00dfartiges R\u00fcckzug-Gebiet verschafft. Flamingos sind menschenscheu und wo viel Trubel herrscht, ziehen sie sich zur\u00fcck. Bis zum knotigen Knie stehen sie in der Lauge und filtern schnatzend Plankton aus dem Wasser. Oder balancieren einbeinig in der Br\u00fche f\u00fcr ein Nachmittags-Schl\u00e4fchen.<\/p>\n\n\t\t<style type=\"text\/css\">\n\t\t\t#gallery-4 {\n\t\t\t\tmargin: auto;\n\t\t\t}\n\t\t\t#gallery-4 .gallery-item {\n\t\t\t\tfloat: left;\n\t\t\t\tmargin-top: 10px;\n\t\t\t\ttext-align: center;\n\t\t\t\twidth: 33%;\n\t\t\t}\n\t\t\t#gallery-4 img {\n\t\t\t\tborder: 2px solid #cfcfcf;\n\t\t\t}\n\t\t\t#gallery-4 .gallery-caption {\n\t\t\t\tmargin-left: 0;\n\t\t\t}\n\t\t\t\/* see gallery_shortcode() in wp-includes\/media.php *\/\n\t\t<\/style>\n\t\t<div id='gallery-4' class='gallery galleryid-76235 gallery-columns-3 gallery-size-thumbnail'><dl class='gallery-item'>\n\t\t\t<dt class='gallery-icon landscape'>\n\t\t\t\t<a class=\"boxersandswipers\" title=\"Flamingo\" href='https:\/\/atanga.de\/wp-content\/uploads\/2016\/12\/flamengo.jpg'><img decoding=\"async\" width=\"150\" height=\"150\" src=\"https:\/\/atanga.de\/wp-content\/uploads\/2016\/12\/flamengo-150x150.jpg\" class=\"attachment-thumbnail size-thumbnail\" alt=\"Flamingo\" aria-describedby=\"gallery-4-76340\" \/><\/a>\n\t\t\t<\/dt>\n\t\t\t\t<dd class='wp-caption-text gallery-caption' id='gallery-4-76340'>\n\t\t\t\tFlamingo\n\t\t\t\t<\/dd><\/dl><dl class='gallery-item'>\n\t\t\t<dt class='gallery-icon landscape'>\n\t\t\t\t<a class=\"boxersandswipers\" title=\"beim Mittags-Schlaf\" href='https:\/\/atanga.de\/wp-content\/uploads\/2016\/12\/Nachmittag-Schlaf.jpg'><img decoding=\"async\" width=\"150\" height=\"150\" src=\"https:\/\/atanga.de\/wp-content\/uploads\/2016\/12\/Nachmittag-Schlaf-150x150.jpg\" class=\"attachment-thumbnail size-thumbnail\" alt=\"beim Mittags-Schlaf\" aria-describedby=\"gallery-4-76341\" \/><\/a>\n\t\t\t<\/dt>\n\t\t\t\t<dd class='wp-caption-text gallery-caption' id='gallery-4-76341'>\n\t\t\t\tbeim Mittags-Schlaf\n\t\t\t\t<\/dd><\/dl><dl class='gallery-item'>\n\t\t\t<dt class='gallery-icon landscape'>\n\t\t\t\t<a class=\"boxersandswipers\" title=\"in den Salzseen\" href='https:\/\/atanga.de\/wp-content\/uploads\/2016\/12\/Salzseen.jpg'><img decoding=\"async\" width=\"150\" height=\"150\" src=\"https:\/\/atanga.de\/wp-content\/uploads\/2016\/12\/Salzseen-150x150.jpg\" class=\"attachment-thumbnail size-thumbnail\" alt=\"in den Salzseen\" aria-describedby=\"gallery-4-76342\" \/><\/a>\n\t\t\t<\/dt>\n\t\t\t\t<dd class='wp-caption-text gallery-caption' id='gallery-4-76342'>\n\t\t\t\tin den Salzseen\n\t\t\t\t<\/dd><\/dl><br style=\"clear: both\" \/>\n\t\t<\/div>\n\n<p>35.000 Tiere gibt es im Dreieck Venezuela-Curacao-Bonaire. Die rosa Federn verlieren nach der Rupfung ihre Farbe, so dass sie von Sammlern verschont bleiben.<\/p>\n<p>Wild-Esel suchen ebenfalls die Salzwiesen nach verwertbarem Futter ab.<br \/>\nAls man die Tiere nicht mehr zur Salzgewinnung brauchte, weil Maschinen die Arbeit \u00fcbernommen haben, wurden sie einfach auf der Insel frei gelassen.<br \/>\nSie verwilderten und stellen nun eine Plage dar. Sie sind weder bei Umweltsch\u00fctzern noch bei Gartenbesitzern beliebt.<br \/>\nEin Esel-Reservat nimmt sich seit 20 Jahren dieses Problems an. Zwei Drittel aller Esel wohnen mittlerweile dort und durch Kastration soll eine ungez\u00fcgelte Vermehrung der freilaufenden Tiere verhindert werden.<\/p>\n\n\t\t<style type=\"text\/css\">\n\t\t\t#gallery-5 {\n\t\t\t\tmargin: auto;\n\t\t\t}\n\t\t\t#gallery-5 .gallery-item {\n\t\t\t\tfloat: left;\n\t\t\t\tmargin-top: 10px;\n\t\t\t\ttext-align: center;\n\t\t\t\twidth: 33%;\n\t\t\t}\n\t\t\t#gallery-5 img {\n\t\t\t\tborder: 2px solid #cfcfcf;\n\t\t\t}\n\t\t\t#gallery-5 .gallery-caption {\n\t\t\t\tmargin-left: 0;\n\t\t\t}\n\t\t\t\/* see gallery_shortcode() in wp-includes\/media.php *\/\n\t\t<\/style>\n\t\t<div id='gallery-5' class='gallery galleryid-76235 gallery-columns-3 gallery-size-thumbnail'><dl class='gallery-item'>\n\t\t\t<dt class='gallery-icon landscape'>\n\t\t\t\t<a class=\"boxersandswipers\" title=\"Wildesel auf Bonaire\" href='https:\/\/atanga.de\/wp-content\/uploads\/2016\/12\/Wildesel.jpg'><img decoding=\"async\" width=\"150\" height=\"150\" src=\"https:\/\/atanga.de\/wp-content\/uploads\/2016\/12\/Wildesel-150x150.jpg\" class=\"attachment-thumbnail size-thumbnail\" alt=\"Wildesel auf Bonaire\" aria-describedby=\"gallery-5-76367\" \/><\/a>\n\t\t\t<\/dt>\n\t\t\t\t<dd class='wp-caption-text gallery-caption' id='gallery-5-76367'>\n\t\t\t\tWildesel auf Bonaire\n\t\t\t\t<\/dd><\/dl><dl class='gallery-item'>\n\t\t\t<dt class='gallery-icon landscape'>\n\t\t\t\t<a class=\"boxersandswipers\" title=\"aber auch Taucher kreuzen den Weg\" href='https:\/\/atanga.de\/wp-content\/uploads\/2016\/12\/Taucher-kreuzen-den-Weg.jpg'><img decoding=\"async\" width=\"150\" height=\"150\" src=\"https:\/\/atanga.de\/wp-content\/uploads\/2016\/12\/Taucher-kreuzen-den-Weg-150x150.jpg\" class=\"attachment-thumbnail size-thumbnail\" alt=\"aber auch Taucher kreuzen den Weg\" aria-describedby=\"gallery-5-76368\" \/><\/a>\n\t\t\t<\/dt>\n\t\t\t\t<dd class='wp-caption-text gallery-caption' id='gallery-5-76368'>\n\t\t\t\taber auch Taucher kreuzen den Weg\n\t\t\t\t<\/dd><\/dl>\n\t\t\t<br style='clear: both' \/>\n\t\t<\/div>\n\n<p>An den K\u00fcsten der S\u00fcdh\u00e4lfte findet man auch die wenigen Sandstr\u00e4nde Bonaires. Aber der sch\u00f6ne Schein tr\u00fcgt. Die Ostseite sieht grausam aus. Wie eine versprengte M\u00fcllhalde. <img src=\"https:\/\/atanga.de\/wp-content\/plugins\/classic-smilies\/img\/icon_eek.gif\" alt=\":shock:\" class=\"wp-smiley\" style=\"height: 1em; max-height: 1em;\" \/><br \/>\nDas Ufer ist ges\u00e4umt mit Unmengen an Plastik-M\u00fcll. Es ist grausam und ich k\u00f6nnte heulen, wenn ich das sehe. <img src=\"https:\/\/atanga.de\/wp-content\/plugins\/classic-smilies\/img\/icon_cry.gif\" alt=\":cry:\" class=\"wp-smiley\" style=\"height: 1em; max-height: 1em;\" \/><\/p>\n<div id=\"attachment_76382\" style=\"width: 810px\" class=\"wp-caption alignleft\"><img decoding=\"async\" aria-describedby=\"caption-attachment-76382\" class=\"size-full wp-image-76382\" src=\"https:\/\/atanga.de\/wp-content\/uploads\/2016\/12\/grauenhafter-M\u00fcll.jpg\" alt=\"grauenhafter M\u00fcll\" width=\"800\" height=\"600\" srcset=\"https:\/\/atanga.de\/wp-content\/uploads\/2016\/12\/grauenhafter-M\u00fcll.jpg 800w, https:\/\/atanga.de\/wp-content\/uploads\/2016\/12\/grauenhafter-M\u00fcll-300x225.jpg 300w, https:\/\/atanga.de\/wp-content\/uploads\/2016\/12\/grauenhafter-M\u00fcll-768x576.jpg 768w, https:\/\/atanga.de\/wp-content\/uploads\/2016\/12\/grauenhafter-M\u00fcll-624x468.jpg 624w\" sizes=\"(max-width: 800px) 100vw, 800px\" \/><p id=\"caption-attachment-76382\" class=\"wp-caption-text\">grauenhafter M\u00fcll<\/p><\/div>\n<p>&nbsp;<br \/>\nW\u00e4re es nicht eine gute Idee jedem Leihwagen ein paar M\u00fcllt\u00fcten mit auf den Weg zu geben? Alle Touristen, die mit leerem Kofferraum vorbei kommen, sammeln ein, zwei T\u00fcten voll und nehmen sie mit in die Stadt. Der M\u00fcll ist sauber und in zwei Minuten hat man eine T\u00fcte voll. Es w\u00e4re weder eine stinkende, noch anstrengende T\u00e4tigkeit.<br \/>\nGute Sammelcontainer im Ort aufgestellt und die Gemeinde k\u00fcmmert sich dann um eine artgerechte Entsorgung.<\/p>\n<p>Es soll schon Sammel-Aktionen seitens der Gemeinde gegeben haben. Aber die Mengen, die da vom Atlantik ankommen sind so gewaltig, dass jeden Tag gesammelt werden m\u00fcsste. Die oberste Priorit\u00e4t hei\u00dft somit M\u00fcllvermeidung. Wo und wann immer es geht! <img src=\"https:\/\/atanga.de\/wp-content\/plugins\/classic-smilies\/img\/icon_smile.gif\" alt=\":-)\" class=\"wp-smiley\" style=\"height: 1em; max-height: 1em;\" \/><\/p>\n<p>Unseren Leihwagen haben wir von &#8218;Caribe Car Rental&#8216; gemietet. Er war der preiswerteste Vermieter bei dem wir nachgefragt haben (wobei preiswert bei 120 EUR f\u00fcr zwei Tage relativ ist) und bei der R\u00fcckgabe des Autos wissen wir auch warum.<\/p>\n<p>Der, uns vermietete,\u00a0&#8218;Kia Picanto&#8216; verbraucht 13 Liter auf einhundert Kilometer.\u00a0 <img src=\"https:\/\/atanga.de\/wp-content\/plugins\/classic-smilies\/img\/icon_mrgreen.gif\" alt=\":mrgreen:\" class=\"wp-smiley\" style=\"height: 1em; max-height: 1em;\" \/><br \/>\nOhne Berge, ohne Stadtverkehr und bei einer gefahrenen Durchschnittsgeschwindigkeit von weniger als 50 km\/h (die Stra\u00dfen sind recht schlecht auf Bonaire und gespickt mit Schlagl\u00f6chern).<\/p>\n<p>Unser Autovermieter \u00fcbergab uns den Wagen nicht vollgetankt, sondern mit einer 7\/8 tel F\u00fcllung. So sollten wir ihn auch zur\u00fcck geben.<br \/>\nNun kennt jeder die zittrigen Anzeigen in, vor allem recht preiswerten, Autos. Eben zeigen sie noch vollgetankt an, um im n\u00e4chsten Augenblick dreiviertel leer zu sein. Es ist unm\u00f6glich diese Sch\u00e4tz-Anzeigen genau auf einen bestimmten Punkt zu betanken.<\/p>\n<p>Das Ungl\u00fcck will es, dass man auf Bonaire einen bestimmten Betrag bezahlt, die S\u00e4ule wird freigeschaltet und dann kann man die entsprechende Menge tanken.<br \/>\nWir haben unseren 10-Liter-Kanister f\u00fcr den Au\u00dfenborder dabei,\u00a0bezahlen 20 USD, bef\u00fcllen den Kanister, den Rest bekommt der\u00a0Kia.<br \/>\nWir\u00a0bef\u00fcllen ihn also mit gut\u00a0acht Litern und w\u00e4hnen uns auf der sicheren Seite.<\/p>\n<p>Da haben wir aber nicht die Rechnung mit unserem Vermieter-Fuchs gemacht.<br \/>\nEr sieht die Nadel einen Millimeter unter &#8217;seinem&#8216; Strich und schl\u00e4gt uns ein &#8222;richtig gutes&#8220; Gesch\u00e4ft vor: Statt der \u00fcblichen 20 USD, die er bis zur &#8217;n\u00e4chsten-Strich-Auff\u00fcllung&#8216; von seinen Kunden nimmt, begn\u00fcgt er sich bei uns mit 10 USD.<br \/>\nGel\u00e4chter.<br \/>\nWir diskutieren eine Weile mit ihm \u00fcber Sinn oder Unsinn seiner 7\/8tel F\u00fcllung und \u00fcber Ungenauigkeiten solcher Anzeigen&#8230;.<br \/>\nDa f\u00e4llt von seiner Seite das b\u00f6se &#8218;A&#8212;loch&#8216;-Wort. Achim bleibt cool.<\/p>\n<p>Von nun ab\u00a0geht es nur noch ums Prinzip.<br \/>\nWir denken gar nicht daran, ihm die 10 USD zu schenken. Wir sind keine Zeit-limitierten Touristen, die 14 Tage so angenehm wie m\u00f6glich gestalten wollen.<br \/>\nWir sind mitten in unserem Alltag, haben keinen Urlaub und haben viiiiel Zeit.<\/p>\n<p>Also fahren wir noch einmal zur Tankstelle.\u00a0 Damit es an der Kasse nicht albern ist, zahlen wir 5 USD. Daf\u00fcr bekommen wir knapp\u00a0weitere f\u00fcnf Liter Sprit, die in den Kia kommen.<br \/>\nDie Anzeige r\u00fcckt noch immer nicht einen Millimeter von ihrer falschen Position. <img src=\"https:\/\/atanga.de\/wp-content\/plugins\/classic-smilies\/img\/icon_mrgreen.gif\" alt=\":mrgreen:\" class=\"wp-smiley\" style=\"height: 1em; max-height: 1em;\" \/><\/p>\n<p>Wie fahren trotzdem zum Vermieter zur\u00fcck. 13 Liter m\u00fcssen bei 116 gefahrenen Kilometern einfach genug sein. Er dreht den Z\u00fcndschl\u00fcssel und sieht die Nadel unter &#8217;seinem&#8216; Strich. Noch l\u00e4sst er nicht locker, er will die 10 USD. Nach ein wenig verbalem Gerangel l\u00e4sst er uns allerdings gehen.<\/p>\n<p>Wir w\u00fcrden bei &#8218;Caribe Car Rental&#8216; kein Auto wieder mieten. Ob es Zufall mit der 7\/8-tel F\u00fcllung war oder ob Methode dahinter steckt, k\u00f6nnen wir nicht beantworten.<\/p>\n<p>&nbsp;<\/p>\n<div class=\"pld-like-dislike-wrap pld-template-1\">\r\n    <div class=\"pld-like-wrap  pld-common-wrap\">\r\n    <a href=\"javascript:void(0)\" class=\"pld-like-trigger pld-like-dislike-trigger  \" title=\"gef\u00e4llt mir\" data-post-id=\"76235\" data-trigger-type=\"like\" data-restriction=\"cookie\" data-already-liked=\"0\">\r\n                        <i class=\"fas fa-thumbs-up\"><\/i>\r\n                <\/a>\r\n    <span class=\"pld-like-count-wrap pld-count-wrap\">1    <\/span>\r\n<\/div><div class=\"pld-dislike-wrap  pld-common-wrap\">\r\n    <a href=\"javascript:void(0)\" class=\"pld-dislike-trigger pld-like-dislike-trigger  \" title=\"doof\" data-post-id=\"76235\" data-trigger-type=\"dislike\" data-restriction=\"cookie\" data-already-liked=\"0\">\r\n                        <i class=\"fas fa-thumbs-down\"><\/i>\r\n                <\/a>\r\n    <span class=\"pld-dislike-count-wrap pld-count-wrap\"><\/span>\r\n<\/div><\/div>","protected":false},"excerpt":{"rendered":"<p>Di., 13.Dez.16, Bonaire, Kralendijk, Tag 928, 8.715 sm von HH &#8222;Unn\u00fctze Inseln&#8220; soll Vespucci und \u00fcber Bonaire verlauten lassen haben, als er die Insel 1499\u00a0f\u00fcr Spanier in Besitz genommen hat. &#8222;Unn\u00fctze Insel&#8220;, dr\u00e4ngt sich sofort in den Kopf, wenn man den S\u00fcden von Bonaire abf\u00e4hrt. Flach, kaum Bewuchs, nur ein paar Divi-Divi B\u00e4ume beugen sich [&hellip;]<\/p>\n","protected":false},"author":4,"featured_media":0,"comment_status":"open","ping_status":"closed","sticky":false,"template":"","format":"standard","meta":{"footnotes":""},"categories":[36,74,62],"tags":[],"class_list":["post-76235","post","type-post","status-publish","format-standard","hentry","category-landausfluege","category-bonaire","category-karibik"],"_links":{"self":[{"href":"https:\/\/atanga.de\/index.php?rest_route=\/wp\/v2\/posts\/76235","targetHints":{"allow":["GET"]}}],"collection":[{"href":"https:\/\/atanga.de\/index.php?rest_route=\/wp\/v2\/posts"}],"about":[{"href":"https:\/\/atanga.de\/index.php?rest_route=\/wp\/v2\/types\/post"}],"author":[{"embeddable":true,"href":"https:\/\/atanga.de\/index.php?rest_route=\/wp\/v2\/users\/4"}],"replies":[{"embeddable":true,"href":"https:\/\/atanga.de\/index.php?rest_route=%2Fwp%2Fv2%2Fcomments&post=76235"}],"version-history":[{"count":7,"href":"https:\/\/atanga.de\/index.php?rest_route=\/wp\/v2\/posts\/76235\/revisions"}],"predecessor-version":[{"id":81873,"href":"https:\/\/atanga.de\/index.php?rest_route=\/wp\/v2\/posts\/76235\/revisions\/81873"}],"wp:attachment":[{"href":"https:\/\/atanga.de\/index.php?rest_route=%2Fwp%2Fv2%2Fmedia&parent=76235"}],"wp:term":[{"taxonomy":"category","embeddable":true,"href":"https:\/\/atanga.de\/index.php?rest_route=%2Fwp%2Fv2%2Fcategories&post=76235"},{"taxonomy":"post_tag","embeddable":true,"href":"https:\/\/atanga.de\/index.php?rest_route=%2Fwp%2Fv2%2Ftags&post=76235"}],"curies":[{"name":"wp","href":"https:\/\/api.w.org\/{rel}","templated":true}]}}