{"id":99444,"date":"2016-12-19T20:48:21","date_gmt":"2016-12-19T20:48:21","guid":{"rendered":"http:\/\/atanga.de\/?p=99444"},"modified":"2016-12-19T20:49:35","modified_gmt":"2016-12-19T20:49:35","slug":"aussergewoehnliche-segler","status":"publish","type":"post","link":"https:\/\/atanga.de\/?p=99444","title":{"rendered":"Au\u00dfergew\u00f6hnliche Segler"},"content":{"rendered":"<p><em>Mo., 19.Dez.16, Bonaire, Kralendijk, Tag 933, 8.715 sm von HH<\/em><\/p>\n<p>Das Segler-Portal <a href=\"http:\/\/www.segeln360.de\">www.segeln360.de<\/a> informiert \u00fcber Chartersegeln, Seemannschaft, Reviere und den Yachtsport im Allgemeinen und Besonderen.<br \/>\nDies erfolgt absolut Werbe- und Sponsorenfrei. Eine echte Rarit\u00e4t im Internet.<\/p>\n<p>Die Betreiber von segeln360 haben eine neue Rubrik ins Leben gerufen: &#8222;Au\u00dfergew\u00f6hnliche Segler&#8220;.<br \/>\nAchim und ich wurden f\u00fcr diese Rubrik um ein Interview gebeten und herausgekommen ist ein, wie wir finden, gelungenes <a href=\"http:\/\/www.segeln360.de\/seemannschaft\/portraits\/syatanga.html\">Portrait<\/a> von uns.<\/p>\n<p>Wir finden uns zwar nicht au\u00dfergew\u00f6hnlich, aber vielen Dank an die Redaktion f\u00fcr die Zusammenstellung der verschiedenen Portraits und dass wir dabei sein d\u00fcrfen. <img src=\"https:\/\/atanga.de\/wp-content\/plugins\/classic-smilies\/img\/icon_smile.gif\" alt=\":-)\" class=\"wp-smiley\" style=\"height: 1em; max-height: 1em;\" \/><\/p>\n<p>&nbsp;<\/p>\n<div class=\"pld-like-dislike-wrap pld-template-1\">\r\n    <div class=\"pld-like-wrap  pld-common-wrap\">\r\n    <a href=\"javascript:void(0)\" class=\"pld-like-trigger pld-like-dislike-trigger  \" title=\"gef\u00e4llt mir\" data-post-id=\"99444\" data-trigger-type=\"like\" data-restriction=\"cookie\" data-already-liked=\"0\">\r\n                        <i class=\"fas fa-thumbs-up\"><\/i>\r\n                <\/a>\r\n    <span class=\"pld-like-count-wrap pld-count-wrap\">    <\/span>\r\n<\/div><div class=\"pld-dislike-wrap  pld-common-wrap\">\r\n    <a href=\"javascript:void(0)\" class=\"pld-dislike-trigger pld-like-dislike-trigger  \" title=\"doof\" data-post-id=\"99444\" data-trigger-type=\"dislike\" data-restriction=\"cookie\" data-already-liked=\"0\">\r\n                        <i class=\"fas fa-thumbs-down\"><\/i>\r\n                <\/a>\r\n    <span class=\"pld-dislike-count-wrap pld-count-wrap\"><\/span>\r\n<\/div><\/div>","protected":false},"excerpt":{"rendered":"<p>Mo., 19.Dez.16, Bonaire, Kralendijk, Tag 933, 8.715 sm von HH Das Segler-Portal www.segeln360.de informiert \u00fcber Chartersegeln, Seemannschaft, Reviere und den Yachtsport im Allgemeinen und Besonderen. Dies erfolgt absolut Werbe- und Sponsorenfrei. Eine echte Rarit\u00e4t im Internet. Die Betreiber von segeln360 haben eine neue Rubrik ins Leben gerufen: &#8222;Au\u00dfergew\u00f6hnliche Segler&#8220;. Achim und ich wurden f\u00fcr diese [&hellip;]<\/p>\n","protected":false},"author":4,"featured_media":0,"comment_status":"open","ping_status":"closed","sticky":false,"template":"","format":"standard","meta":{"footnotes":""},"categories":[74,62,45],"tags":[],"class_list":["post-99444","post","type-post","status-publish","format-standard","hentry","category-bonaire","category-karibik","category-allgemein"],"_links":{"self":[{"href":"https:\/\/atanga.de\/index.php?rest_route=\/wp\/v2\/posts\/99444","targetHints":{"allow":["GET"]}}],"collection":[{"href":"https:\/\/atanga.de\/index.php?rest_route=\/wp\/v2\/posts"}],"about":[{"href":"https:\/\/atanga.de\/index.php?rest_route=\/wp\/v2\/types\/post"}],"author":[{"embeddable":true,"href":"https:\/\/atanga.de\/index.php?rest_route=\/wp\/v2\/users\/4"}],"replies":[{"embeddable":true,"href":"https:\/\/atanga.de\/index.php?rest_route=%2Fwp%2Fv2%2Fcomments&post=99444"}],"version-history":[{"count":3,"href":"https:\/\/atanga.de\/index.php?rest_route=\/wp\/v2\/posts\/99444\/revisions"}],"predecessor-version":[{"id":99447,"href":"https:\/\/atanga.de\/index.php?rest_route=\/wp\/v2\/posts\/99444\/revisions\/99447"}],"wp:attachment":[{"href":"https:\/\/atanga.de\/index.php?rest_route=%2Fwp%2Fv2%2Fmedia&parent=99444"}],"wp:term":[{"taxonomy":"category","embeddable":true,"href":"https:\/\/atanga.de\/index.php?rest_route=%2Fwp%2Fv2%2Fcategories&post=99444"},{"taxonomy":"post_tag","embeddable":true,"href":"https:\/\/atanga.de\/index.php?rest_route=%2Fwp%2Fv2%2Ftags&post=99444"}],"curies":[{"name":"wp","href":"https:\/\/api.w.org\/{rel}","templated":true}]}}