{"id":99624,"date":"2017-01-17T20:00:17","date_gmt":"2017-01-17T20:00:17","guid":{"rendered":"http:\/\/atanga.de\/?p=99624"},"modified":"2017-01-18T14:51:26","modified_gmt":"2017-01-18T14:51:26","slug":"viva-mexico","status":"publish","type":"post","link":"https:\/\/atanga.de\/?p=99624","title":{"rendered":"&#8222;Viva M\u00e9xico!&#8220;"},"content":{"rendered":"<p><em>Di., 17.Jan.17, Cura\u00e7ao, Spanish Water, Tag 962, 8.752 sm von HH<\/em><\/p>\n<p>Donnerstag geht es weiter.<br \/>\n1.200 sm (2.222 km) liegen vor uns.<br \/>\nDenkt man gar nicht, wenn man\u00a0das kleine Loch\u00a0der Karibik betrachtet. Das wirkt kaum gr\u00f6\u00dfer als die Ostsee, und doch, die Karten l\u00fcgen nicht.<br \/>\nDas ist zweidrittel unserer Atlantik\u00fcberquerung und wird unser zweit weitester T\u00f6rn werden.<\/p>\n\n\t\t<style type=\"text\/css\">\n\t\t\t#gallery-1 {\n\t\t\t\tmargin: auto;\n\t\t\t}\n\t\t\t#gallery-1 .gallery-item {\n\t\t\t\tfloat: left;\n\t\t\t\tmargin-top: 10px;\n\t\t\t\ttext-align: center;\n\t\t\t\twidth: 33%;\n\t\t\t}\n\t\t\t#gallery-1 img {\n\t\t\t\tborder: 2px solid #cfcfcf;\n\t\t\t}\n\t\t\t#gallery-1 .gallery-caption {\n\t\t\t\tmargin-left: 0;\n\t\t\t}\n\t\t\t\/* see gallery_shortcode() in wp-includes\/media.php *\/\n\t\t<\/style>\n\t\t<div id='gallery-1' class='gallery galleryid-99624 gallery-columns-3 gallery-size-thumbnail'><dl class='gallery-item'>\n\t\t\t<dt class='gallery-icon landscape'>\n\t\t\t\t<a class=\"boxersandswipers\" title=\"Karibische Pf\u00fctze\" href='https:\/\/atanga.de\/wp-content\/uploads\/2017\/01\/Karibische-Pf\u00fctze.jpg'><img decoding=\"async\" width=\"150\" height=\"150\" src=\"https:\/\/atanga.de\/wp-content\/uploads\/2017\/01\/Karibische-Pf\u00fctze-150x150.jpg\" class=\"attachment-thumbnail size-thumbnail\" alt=\"Karibische Pf\u00fctze\" aria-describedby=\"gallery-1-99625\" \/><\/a>\n\t\t\t<\/dt>\n\t\t\t\t<dd class='wp-caption-text gallery-caption' id='gallery-1-99625'>\n\t\t\t\tKaribische Pf\u00fctze\n\t\t\t\t<\/dd><\/dl>\n\t\t\t<br style='clear: both' \/>\n\t\t<\/div>\n\n<p>Wir rechnen mit 9 bis 10 Tagen. <img src=\"https:\/\/atanga.de\/wp-content\/plugins\/classic-smilies\/img\/icon_eek.gif\" alt=\":shock:\" class=\"wp-smiley\" style=\"height: 1em; max-height: 1em;\" \/><br \/>\nUnd haben beide Bock darauf, wie ein Schwein zum Klettern. Alle zwei Stunden n\u00f6lt einer von rum, wie weit es ist und wie wenig Lust er darauf hat.<br \/>\nSelbstgew\u00e4hltes Schicksal. Da hilft kein Jammern, da m\u00fcssen wir durch. Wir h\u00e4tten ja auch brav im Antillenbogen bleiben k\u00f6nnen.<br \/>\nVor einem Jahr waren wir noch ganz aufgeregt vor den weiten Distanzen, heute wissen wir, wie das geht. Dieses Segeln \u00fcber so lange Strecken \u00fcbt sich dann doch irgendwie.<br \/>\nFr\u00fcher erschien uns die Strecke von Kiel nach Bornholm mit ca. 150 sm als un\u00fcberwindbare Strecke (haben wir nie geschafft dort mal hinzusegeln).<\/p>\n<p>Da ist es noch nicht mal ein Weltuntergang, dass unser K\u00fchlschrank kaputt ist.<br \/>\nEr k\u00fchlt noch, aber nicht mehr automatisch. Der Thermostat regelt nicht mehr ab.<br \/>\nAchim hat einen Schalter an das Kabel geklemmt, so dass wir den K\u00fchlschrank noch manuell regeln k\u00f6nnen. Das bedeutet alle halbe Stunde muss jemand den Schalter bedienen und nach f\u00fcnf Minuten wieder ausknipsen. Theoretisch auch nachts. <img src=\"https:\/\/atanga.de\/wp-content\/plugins\/classic-smilies\/img\/icon_mrgreen.gif\" alt=\":mrgreen:\" class=\"wp-smiley\" style=\"height: 1em; max-height: 1em;\" \/><\/p>\n<p>Das ist tags\u00fcber schon nicht zu schaffen und somit herrscht im K\u00fchlschrank eine m\u00e4\u00dfige Grundk\u00fchle. Vorratshaltung f\u00fcr den T\u00f6rn schwer eingeschr\u00e4nkt. Mal sehen, wie wir \u00fcber die Runden kommen.<br \/>\nIch sehe nach einer Woche vegane Tage\u00a0auf uns zukommen. <img src=\"https:\/\/atanga.de\/wp-content\/plugins\/classic-smilies\/img\/icon_wink.gif\" alt=\";-)\" class=\"wp-smiley\" style=\"height: 1em; max-height: 1em;\" \/><\/p>\n<p>Auf ein Ersatzteil w\u00fcrden wir auf Cur\u00e7ao ewig warten. Und wir sind hier schon l\u00e4nger geblieben als geplant. Ein umfangreiches Tief in der Nord-Karibik hat seine F\u00fchler bis nach Kolumbien ausgestreckt. Von Wind aus Nord und vier-Meter-Wellen wurde berichtet. Das Tief hat sich verzogen, so dass wir nun endlich die Nase aus unserem Versteck stecken k\u00f6nnen.<\/p>\n<p>Urspr\u00fcnglich wollten wir noch einen Stopp auf Jamaika und den Cayman Islands einlegen.<br \/>\nDas haben wir ersatzlos gestrichen. Alles was f\u00fcr \u00fcber Mittelamerika gelesen haben, macht uns so neugierig, dass wir auf dem schnellsten (haha) Weg dorthin wollen. Viva M\u00e9xico!<\/p>\n<div class=\"pld-like-dislike-wrap pld-template-1\">\r\n    <div class=\"pld-like-wrap  pld-common-wrap\">\r\n    <a href=\"javascript:void(0)\" class=\"pld-like-trigger pld-like-dislike-trigger  \" title=\"gef\u00e4llt mir\" data-post-id=\"99624\" data-trigger-type=\"like\" data-restriction=\"cookie\" data-already-liked=\"0\">\r\n                        <i class=\"fas fa-thumbs-up\"><\/i>\r\n                <\/a>\r\n    <span class=\"pld-like-count-wrap pld-count-wrap\">2    <\/span>\r\n<\/div><div class=\"pld-dislike-wrap  pld-common-wrap\">\r\n    <a href=\"javascript:void(0)\" class=\"pld-dislike-trigger pld-like-dislike-trigger  \" title=\"doof\" data-post-id=\"99624\" data-trigger-type=\"dislike\" data-restriction=\"cookie\" data-already-liked=\"0\">\r\n                        <i class=\"fas fa-thumbs-down\"><\/i>\r\n                <\/a>\r\n    <span class=\"pld-dislike-count-wrap pld-count-wrap\"><\/span>\r\n<\/div><\/div>","protected":false},"excerpt":{"rendered":"<p>Di., 17.Jan.17, Cura\u00e7ao, Spanish Water, Tag 962, 8.752 sm von HH Donnerstag geht es weiter. 1.200 sm (2.222 km) liegen vor uns. Denkt man gar nicht, wenn man\u00a0das kleine Loch\u00a0der Karibik betrachtet. Das wirkt kaum gr\u00f6\u00dfer als die Ostsee, und doch, die Karten l\u00fcgen nicht. Das ist zweidrittel unserer Atlantik\u00fcberquerung und wird unser zweit weitester [&hellip;]<\/p>\n","protected":false},"author":4,"featured_media":0,"comment_status":"open","ping_status":"closed","sticky":false,"template":"","format":"standard","meta":{"footnotes":""},"categories":[75,62,45],"tags":[],"class_list":["post-99624","post","type-post","status-publish","format-standard","hentry","category-curacao","category-karibik","category-allgemein"],"_links":{"self":[{"href":"https:\/\/atanga.de\/index.php?rest_route=\/wp\/v2\/posts\/99624","targetHints":{"allow":["GET"]}}],"collection":[{"href":"https:\/\/atanga.de\/index.php?rest_route=\/wp\/v2\/posts"}],"about":[{"href":"https:\/\/atanga.de\/index.php?rest_route=\/wp\/v2\/types\/post"}],"author":[{"embeddable":true,"href":"https:\/\/atanga.de\/index.php?rest_route=\/wp\/v2\/users\/4"}],"replies":[{"embeddable":true,"href":"https:\/\/atanga.de\/index.php?rest_route=%2Fwp%2Fv2%2Fcomments&post=99624"}],"version-history":[{"count":3,"href":"https:\/\/atanga.de\/index.php?rest_route=\/wp\/v2\/posts\/99624\/revisions"}],"predecessor-version":[{"id":99639,"href":"https:\/\/atanga.de\/index.php?rest_route=\/wp\/v2\/posts\/99624\/revisions\/99639"}],"wp:attachment":[{"href":"https:\/\/atanga.de\/index.php?rest_route=%2Fwp%2Fv2%2Fmedia&parent=99624"}],"wp:term":[{"taxonomy":"category","embeddable":true,"href":"https:\/\/atanga.de\/index.php?rest_route=%2Fwp%2Fv2%2Fcategories&post=99624"},{"taxonomy":"post_tag","embeddable":true,"href":"https:\/\/atanga.de\/index.php?rest_route=%2Fwp%2Fv2%2Ftags&post=99624"}],"curies":[{"name":"wp","href":"https:\/\/api.w.org\/{rel}","templated":true}]}}