{"id":99676,"date":"2017-01-25T00:42:55","date_gmt":"2017-01-25T00:42:55","guid":{"rendered":"http:\/\/atanga.de\/?p=99676"},"modified":"2017-01-25T00:44:21","modified_gmt":"2017-01-25T00:44:21","slug":"goodbye-blue-curacao","status":"publish","type":"post","link":"https:\/\/atanga.de\/?p=99676","title":{"rendered":"Goodbye Blue Cura\u00e7ao"},"content":{"rendered":"<p>Mi., 25.Jan.17, Cura\u00e7ao, Spanish Water, Tag 969, 8.752 sm von HH<\/p>\n<p>Mit sechs Tagen Verz\u00f6gerung geht es nun\u00a0in ein paar Stunden\u00a0weiter nach Mexico.<br \/>\nMorgen Vormittag\u00a0hei\u00dft es &#8218;Anker auf&#8216;.<br \/>\nWir werden wie immer versuchen uns von unterwegs \u00fcber Kurzwelle zu melden.<br \/>\nDa dies eine Bilder arme Zeit wird, verabschieden wir uns mit ein paar weiteren Eindr\u00fccken von Bonaire und Cura\u00e7ao.<\/p>\n<p>Ein kleine Population von Geldschulter-Amazonen lebt in Venezuela und auf Bonaire.<br \/>\nMit ein wenig Gl\u00fcck kann man sie sogar mitten in der Stadt, in Kralendijk, finden.<\/p>\n<div id=\"attachment_99677\" style=\"width: 635px\" class=\"wp-caption alignleft\"><img decoding=\"async\" aria-describedby=\"caption-attachment-99677\" class=\"size-large wp-image-99677\" src=\"https:\/\/atanga.de\/wp-content\/uploads\/2017\/01\/Gelbkopf-Amazonen-1033x1038.jpg\" alt=\"Gelbschulter-Amazonen\" width=\"625\" height=\"628\" srcset=\"https:\/\/atanga.de\/wp-content\/uploads\/2017\/01\/Gelbkopf-Amazonen-1033x1038.jpg 1033w, https:\/\/atanga.de\/wp-content\/uploads\/2017\/01\/Gelbkopf-Amazonen-150x150.jpg 150w, https:\/\/atanga.de\/wp-content\/uploads\/2017\/01\/Gelbkopf-Amazonen-300x300.jpg 300w, https:\/\/atanga.de\/wp-content\/uploads\/2017\/01\/Gelbkopf-Amazonen-768x771.jpg 768w, https:\/\/atanga.de\/wp-content\/uploads\/2017\/01\/Gelbkopf-Amazonen-624x627.jpg 624w\" sizes=\"(max-width: 625px) 100vw, 625px\" \/><p id=\"caption-attachment-99677\" class=\"wp-caption-text\">Gelbschulter-Amazonen<\/p><\/div>\n<p>&nbsp;<\/p>\n<p>Auf dieses \u00e4ltere M\u00e4dchen trafen wir mitten in Willemstad. Die flanierenden Touristen haben sie nicht von ihrer Schmach-Pause abhalten k\u00f6nnen.<\/p>\n<div id=\"attachment_99678\" style=\"width: 810px\" class=\"wp-caption alignleft\"><img decoding=\"async\" aria-describedby=\"caption-attachment-99678\" class=\"size-full wp-image-99678\" src=\"https:\/\/atanga.de\/wp-content\/uploads\/2017\/01\/kleinen-Stumpen-am-Nachmittag.jpg\" alt=\"kleiner Stumpen am Nachmittag\" width=\"800\" height=\"852\" srcset=\"https:\/\/atanga.de\/wp-content\/uploads\/2017\/01\/kleinen-Stumpen-am-Nachmittag.jpg 800w, https:\/\/atanga.de\/wp-content\/uploads\/2017\/01\/kleinen-Stumpen-am-Nachmittag-282x300.jpg 282w, https:\/\/atanga.de\/wp-content\/uploads\/2017\/01\/kleinen-Stumpen-am-Nachmittag-768x818.jpg 768w, https:\/\/atanga.de\/wp-content\/uploads\/2017\/01\/kleinen-Stumpen-am-Nachmittag-624x665.jpg 624w\" sizes=\"(max-width: 800px) 100vw, 800px\" \/><p id=\"caption-attachment-99678\" class=\"wp-caption-text\">kleiner Stumpen am Nachmittag<\/p><\/div>\n<p>Diese charmante Friseurin aus Venezuela hat mir auf dem Drogerie-Markt in ihrem pl\u00fcschigen Lila-Tiger-Salon die Harre geschnitten.<br \/>\nDas Radio pl\u00e4rrt volle Lautst\u00e4rke. Die spanischen Hits aus dem Radio kennt sie alle textsicher. Die ganze Zeit hat sie mir lauthals ins Ohr getr\u00e4llert.<br \/>\nNicht der beste Schnitt <img src=\"https:\/\/atanga.de\/wp-content\/plugins\/classic-smilies\/img\/icon_cry.gif\" alt=\":cry:\" class=\"wp-smiley\" style=\"height: 1em; max-height: 1em;\" \/> , aber der fr\u00f6hlichste.<\/p>\n<p><img decoding=\"async\" class=\"size-full wp-image-99679\" src=\"https:\/\/atanga.de\/wp-content\/uploads\/2017\/01\/fr\u00f6hliche-Friseurin.jpg\" alt=\"fr\u00f6hliche Friseurin\" width=\"800\" height=\"698\" srcset=\"https:\/\/atanga.de\/wp-content\/uploads\/2017\/01\/fr\u00f6hliche-Friseurin.jpg 800w, https:\/\/atanga.de\/wp-content\/uploads\/2017\/01\/fr\u00f6hliche-Friseurin-300x262.jpg 300w, https:\/\/atanga.de\/wp-content\/uploads\/2017\/01\/fr\u00f6hliche-Friseurin-768x670.jpg 768w, https:\/\/atanga.de\/wp-content\/uploads\/2017\/01\/fr\u00f6hliche-Friseurin-624x544.jpg 624w\" sizes=\"(max-width: 800px) 100vw, 800px\" \/><br \/>\nNat\u00fcrlich durfte auf Cura\u00e7ao ein &#8218;Cura\u00e7ao Blue&#8216; als Sundowner nicht fehlen.<br \/>\nDie Spanier versuchten Anfang des 16 Jahrhunderts auf Cura\u00e7ao Orangen anzubauen. Vergeblich. Die Insel ist viel zu trocken, die Orangenb\u00e4ume verwilderten. Es bildete sich eineine Unterart der Bitter-Orange. Die Cura\u00e7ao-Pomeranze.<\/p>\n<p>Schon bald entdeckte man, dass die Schale der Bitterorangen, reich an \u00e4therischen \u00d6len, gut geeignet ist, um Spirituosen mit Orangengeschmack herzustellen.<br \/>\nDas Blau (Lebensmittelfarbe) im Orangenlik\u00f6r ist eine \u00dcberbleibsel aus den 80er Jahren als Cocktails hauts\u00e4chlich bunt und nicht lecker sein mussten.<\/p>\n<p>&nbsp;<\/p>\n<div id=\"attachment_99680\" style=\"width: 810px\" class=\"wp-caption alignleft\"><img decoding=\"async\" aria-describedby=\"caption-attachment-99680\" class=\"size-full wp-image-99680\" src=\"https:\/\/atanga.de\/wp-content\/uploads\/2017\/01\/Curacao-blue.jpg\" alt=\"Curacao blue\" width=\"800\" height=\"634\" srcset=\"https:\/\/atanga.de\/wp-content\/uploads\/2017\/01\/Curacao-blue.jpg 800w, https:\/\/atanga.de\/wp-content\/uploads\/2017\/01\/Curacao-blue-300x238.jpg 300w, https:\/\/atanga.de\/wp-content\/uploads\/2017\/01\/Curacao-blue-768x609.jpg 768w, https:\/\/atanga.de\/wp-content\/uploads\/2017\/01\/Curacao-blue-624x495.jpg 624w\" sizes=\"(max-width: 800px) 100vw, 800px\" \/><p id=\"caption-attachment-99680\" class=\"wp-caption-text\">Curacao blue<\/p><\/div>\n<p>Nicht nur &#8218;good bye&#8216; Cura\u00e7ao, sondern auch &#8218;good bye&#8216; free.<br \/>\nWir hatten viel Spa\u00df mit unseren kanadischen Segelfreunden. Vielleicht gibt es ja irgendwann ein Wiedersehen in Vancouver.<br \/>\nDanke an Euch, Jane und Mike,\u00a0f\u00fcr die sch\u00f6nen Stunden und die tollen Bilder von eurer Drohne.<\/p>\n<p><img decoding=\"async\" class=\"alignleft size-full wp-image-99681\" src=\"https:\/\/atanga.de\/wp-content\/uploads\/2017\/01\/Unbenannt-2.jpg\" alt=\"\" width=\"824\" height=\"646\" srcset=\"https:\/\/atanga.de\/wp-content\/uploads\/2017\/01\/Unbenannt-2.jpg 824w, https:\/\/atanga.de\/wp-content\/uploads\/2017\/01\/Unbenannt-2-300x235.jpg 300w, https:\/\/atanga.de\/wp-content\/uploads\/2017\/01\/Unbenannt-2-768x602.jpg 768w, https:\/\/atanga.de\/wp-content\/uploads\/2017\/01\/Unbenannt-2-624x489.jpg 624w\" sizes=\"(max-width: 824px) 100vw, 824px\" \/><\/p>\n<div id=\"attachment_99682\" style=\"width: 635px\" class=\"wp-caption alignleft\"><img decoding=\"async\" aria-describedby=\"caption-attachment-99682\" class=\"wp-image-99682 size-large\" src=\"https:\/\/atanga.de\/wp-content\/uploads\/2017\/01\/Unbenannt-4-1038x597.jpg\" alt=\"Traumhafte Riffkante auf Bonaire\" width=\"625\" height=\"359\" srcset=\"https:\/\/atanga.de\/wp-content\/uploads\/2017\/01\/Unbenannt-4-1038x597.jpg 1038w, https:\/\/atanga.de\/wp-content\/uploads\/2017\/01\/Unbenannt-4-300x172.jpg 300w, https:\/\/atanga.de\/wp-content\/uploads\/2017\/01\/Unbenannt-4-768x441.jpg 768w, https:\/\/atanga.de\/wp-content\/uploads\/2017\/01\/Unbenannt-4-624x359.jpg 624w, https:\/\/atanga.de\/wp-content\/uploads\/2017\/01\/Unbenannt-4.jpg 1129w\" sizes=\"(max-width: 625px) 100vw, 625px\" \/><p id=\"caption-attachment-99682\" class=\"wp-caption-text\">Traumhafte Riffkante auf Bonaire<\/p><\/div>\n<div id=\"attachment_99687\" style=\"width: 810px\" class=\"wp-caption alignleft\"><img decoding=\"async\" aria-describedby=\"caption-attachment-99687\" class=\"size-full wp-image-99687\" src=\"https:\/\/atanga.de\/wp-content\/uploads\/2017\/01\/Atanga.jpg\" alt=\"und Atanga mitten drin\" width=\"800\" height=\"454\" srcset=\"https:\/\/atanga.de\/wp-content\/uploads\/2017\/01\/Atanga.jpg 800w, https:\/\/atanga.de\/wp-content\/uploads\/2017\/01\/Atanga-300x170.jpg 300w, https:\/\/atanga.de\/wp-content\/uploads\/2017\/01\/Atanga-768x436.jpg 768w, https:\/\/atanga.de\/wp-content\/uploads\/2017\/01\/Atanga-624x354.jpg 624w\" sizes=\"(max-width: 800px) 100vw, 800px\" \/><p id=\"caption-attachment-99687\" class=\"wp-caption-text\">und Atanga mitten drin<\/p><\/div>\n<p>&nbsp;<\/p>\n<p>&nbsp;<\/p>\n<div class=\"pld-like-dislike-wrap pld-template-1\">\r\n    <div class=\"pld-like-wrap  pld-common-wrap\">\r\n    <a href=\"javascript:void(0)\" class=\"pld-like-trigger pld-like-dislike-trigger  \" title=\"gef\u00e4llt mir\" data-post-id=\"99676\" data-trigger-type=\"like\" data-restriction=\"cookie\" data-already-liked=\"0\">\r\n                        <i class=\"fas fa-thumbs-up\"><\/i>\r\n                <\/a>\r\n    <span class=\"pld-like-count-wrap pld-count-wrap\">1    <\/span>\r\n<\/div><div class=\"pld-dislike-wrap  pld-common-wrap\">\r\n    <a href=\"javascript:void(0)\" class=\"pld-dislike-trigger pld-like-dislike-trigger  \" title=\"doof\" data-post-id=\"99676\" data-trigger-type=\"dislike\" data-restriction=\"cookie\" data-already-liked=\"0\">\r\n                        <i class=\"fas fa-thumbs-down\"><\/i>\r\n                <\/a>\r\n    <span class=\"pld-dislike-count-wrap pld-count-wrap\"><\/span>\r\n<\/div><\/div>","protected":false},"excerpt":{"rendered":"<p>Mi., 25.Jan.17, Cura\u00e7ao, Spanish Water, Tag 969, 8.752 sm von HH Mit sechs Tagen Verz\u00f6gerung geht es nun\u00a0in ein paar Stunden\u00a0weiter nach Mexico. Morgen Vormittag\u00a0hei\u00dft es &#8218;Anker auf&#8216;. Wir werden wie immer versuchen uns von unterwegs \u00fcber Kurzwelle zu melden. Da dies eine Bilder arme Zeit wird, verabschieden wir uns mit ein paar weiteren Eindr\u00fccken [&hellip;]<\/p>\n","protected":false},"author":4,"featured_media":0,"comment_status":"open","ping_status":"closed","sticky":false,"template":"","format":"standard","meta":{"footnotes":""},"categories":[75,74,62,45],"tags":[],"class_list":["post-99676","post","type-post","status-publish","format-standard","hentry","category-curacao","category-bonaire","category-karibik","category-allgemein"],"_links":{"self":[{"href":"https:\/\/atanga.de\/index.php?rest_route=\/wp\/v2\/posts\/99676","targetHints":{"allow":["GET"]}}],"collection":[{"href":"https:\/\/atanga.de\/index.php?rest_route=\/wp\/v2\/posts"}],"about":[{"href":"https:\/\/atanga.de\/index.php?rest_route=\/wp\/v2\/types\/post"}],"author":[{"embeddable":true,"href":"https:\/\/atanga.de\/index.php?rest_route=\/wp\/v2\/users\/4"}],"replies":[{"embeddable":true,"href":"https:\/\/atanga.de\/index.php?rest_route=%2Fwp%2Fv2%2Fcomments&post=99676"}],"version-history":[{"count":7,"href":"https:\/\/atanga.de\/index.php?rest_route=\/wp\/v2\/posts\/99676\/revisions"}],"predecessor-version":[{"id":99692,"href":"https:\/\/atanga.de\/index.php?rest_route=\/wp\/v2\/posts\/99676\/revisions\/99692"}],"wp:attachment":[{"href":"https:\/\/atanga.de\/index.php?rest_route=%2Fwp%2Fv2%2Fmedia&parent=99676"}],"wp:term":[{"taxonomy":"category","embeddable":true,"href":"https:\/\/atanga.de\/index.php?rest_route=%2Fwp%2Fv2%2Fcategories&post=99676"},{"taxonomy":"post_tag","embeddable":true,"href":"https:\/\/atanga.de\/index.php?rest_route=%2Fwp%2Fv2%2Ftags&post=99676"}],"curies":[{"name":"wp","href":"https:\/\/api.w.org\/{rel}","templated":true}]}}